{"id":9302,"date":"2023-01-31T13:27:30","date_gmt":"2023-01-31T13:27:30","guid":{"rendered":"https:\/\/diariotiempo.com.uy\/noticias\/?p=9302"},"modified":"2023-01-31T13:27:31","modified_gmt":"2023-01-31T13:27:31","slug":"adrian-pena-renuncio-a-su-cargo-como-ministro-de-ambiente-tras-polemica-por-titulo","status":"publish","type":"post","link":"https:\/\/diariotiempo.com.uy\/noticias\/2023\/01\/31\/adrian-pena-renuncio-a-su-cargo-como-ministro-de-ambiente-tras-polemica-por-titulo\/","title":{"rendered":"Adri\u00e1n Pe\u00f1a renunci\u00f3 a su cargo como ministro de Ambiente tras pol\u00e9mica por t\u00edtulo"},"content":{"rendered":"\n<figure class=\"wp-block-image size-full\"><img loading=\"lazy\" decoding=\"async\" width=\"578\" height=\"426\" src=\"https:\/\/diariotiempo.com.uy\/noticias\/wp-content\/uploads\/2023\/01\/pena.jpg\" alt=\"\" class=\"wp-image-9303\" srcset=\"https:\/\/diariotiempo.com.uy\/noticias\/wp-content\/uploads\/2023\/01\/pena.jpg 578w, https:\/\/diariotiempo.com.uy\/noticias\/wp-content\/uploads\/2023\/01\/pena-300x221.jpg 300w\" sizes=\"auto, (max-width: 578px) 100vw, 578px\" \/><\/figure>\n\n\n\n<p>Tras mantener una reuni\u00f3n con la bancada del sector Ciudadanos, Adri\u00e1n Pe\u00f1a anunci\u00f3 este lunes en conferencia de prensa que renunci\u00f3 a su cargo como ministro de Ambiente.<br>El pol\u00edtico colorado anunci\u00f3 la decisi\u00f3n luego de la pol\u00e9mica suscitada en los \u00faltimos d\u00edas despu\u00e9s de que se conoci\u00f3 la informaci\u00f3n de que el jerarca no tiene t\u00edtulo universitario, cuando afirm\u00f3 que s\u00ed lo ten\u00eda y adem\u00e1s detent\u00f3 desde al menos 2015 en algunas ocasiones que era licenciado en Administraci\u00f3n de Empresas.<br>La \u00faltima informaci\u00f3n conocida este domingo, de que a Pe\u00f1a le faltaba cursar un seminario de una duraci\u00f3n de seis d\u00edas para poder finalmente tramitar su t\u00edtulo como licenciado en Administraci\u00f3n de Empresas, provoc\u00f3 un agravamiento de la situaci\u00f3n pol\u00edtica del ministro, tanto desde la perspectiva de actores de Ciudadanos como del entorno del presidente Luis Lacalle Pou, seg\u00fan pudo saber Montevideo Portal.<br>Tras la reuni\u00f3n con la bancada de Ciudadanos en el Parlamento, Pe\u00f1a pidi\u00f3 \u201cdisculpas por lo ocurrido\u201d y reivindic\u00f3 que le cost\u00f3 mucho esfuerzo hacer la carrera universitaria.<br>\u201cVamos a realizar ese taller y, de hecho, ya pedimos nos inscribieran en la primera oportunidad que exista. Cumpliremos con ese tr\u00e1mite y ese tema estar\u00e1 laudado\u201d, dijo el exministro al respecto.<br>\u201cEl error fue el que reconoc\u00ed, del que me arrepent\u00ed y ped\u00ed disculpas. Tiene que ver con haber mentido con respecto a ese t\u00edtulo durante un tiempo. El jueves pasado present\u00e9 la escolaridad porque quer\u00eda diferenciar bien los casos. La falta existe y no la justifico. Por eso pido las disculpas, pero las situaciones son bien distintas. Yo hice la carrera, estudi\u00e9 las 50 materias. Las aprob\u00e9 y aprob\u00e9 la tesis. Me cost\u00f3 mucho esfuerzo y por eso est\u00e1 muy bien todos los que dicen que hay que valorar un t\u00edtulo universitario. Hice la carrera trabajando, como tantas familias humildes del Uruguay. Ser\u00e9, luego de esto, el primer profesional de mi familiar, quiz\u00e1s eso me llev\u00f3 a ese error que hoy me cuesta explicar\u201d, apunt\u00f3 Pe\u00f1a, que agreg\u00f3 que su error no provoc\u00f3 que haya \u201cning\u00fan tercero afectado\u201d, ni el Estado, porque no tuvo nada que ver con su gesti\u00f3n como ministro.<br>Sobre el aspecto pol\u00edtico, el jerarca argument\u00f3 que su decisi\u00f3n de abandonar la cartera de Ambiente tiene que ver \u201ccon el error que cometi\u00f3\u201d.<\/p>\n\n\n\n<p>\u201cEl error lo cometi\u00f3 la persona Adri\u00e1n Pe\u00f1a y no el ministro de Ambiente. Desde que asum\u00ed, no me he tomado ni un d\u00eda tratando de llevar adelante este ministerio y de cumplir con los objetivos que nos hab\u00edamos impuesto. Hemos hecho una gesti\u00f3n exitosa. Nada empa\u00f1a la gesti\u00f3n del Gobierno. Por eso mucha gente me dice que no renuncie por un hecho tan menor y que no tiene nada que ver con tu gesti\u00f3n. Por otro lado, muchos dicen que un rol p\u00fablico en lo pol\u00edtico necesita de la vara alta en materia \u00e9tica y de probidad. Y eso no condice con el hecho [error] que comet\u00ed\u201d, valor\u00f3 Pe\u00f1a.<br>Y a\u00f1adi\u00f3: \u201cLos \u00faltimos tienen raz\u00f3n. Cuando uno est\u00e1 en la funci\u00f3n p\u00fablica debe estar a la altura. En mi caso en particular, que me toca liderar un sector y estar al frente de un ministerio, debo ser el ejemplo. La decisi\u00f3n la tengo tomada hace d\u00edas, aunque el presidente de la Rep\u00fablica no me pidi\u00f3 la renuncia. Pero hace d\u00edas le dije la presidente que quer\u00eda que prescindiera de m\u00ed al frente del Ministerio de Ambiente\u201d.<br>Pe\u00f1a, que hab\u00eda asumido el cargo como secretario de Estado en agosto de 2020, se\u00f1al\u00f3 que al tomar la decisi\u00f3n de abandonar el Ministerio de Ambiente es como \u201cse siente c\u00f3modo\u201d, y anunci\u00f3 que le propuso un nombre a Lacalle Pou para sustituirlo en el cargo que ya fue aceptado.<br>\u201cTengo que honrar los valores que siempre defend\u00ed. Cuando me equivoqu\u00e9, lo primero que hice fue ir a la Torre Ejecutiva y decir la verdad. Hoy voy a ser el primer pol\u00edtico en Uruguay que renuncia por un error de este tipo. Somos personas, un pol\u00edtico es uno m\u00e1s con errores y con aciertos. Me equivoqu\u00e9 y hoy lo voy a pagar con lo m\u00e1s alto que puede costar. No me pesa porque no estoy aferrado al cargo. Me pesa por todas las ganas que tengo de hacer cosas\u201d, expres\u00f3 emocionado Pe\u00f1a.<br>Finalmente, el pol\u00edtico colorado que fue electo senador en octubre de 2019, se\u00f1al\u00f3 que las razones de su renuncia \u201cno pueden afectar ni al gobierno nacional ni al presidente ni a la bancada de Ciudadanos\u201d.<br>Finalmente, Pe\u00f1a agradeci\u00f3 el \u00abrespaldo del presidente\u00bb y dijo que \u00abva a seguir trabajando para que se le reconozca todo lo dem\u00e1s que ha hecho\u00bb. Su banca en el Senado es ocupada en el presente por Pablo Lanz.<\/p>\n\n\n\n<p>Una nueva ca\u00edda<br>Los sucesos que llevaron a la ca\u00edda de Pe\u00f1a tuvieron lugar despu\u00e9s de que el Semanario B\u00fasqueda informara el jueves pasado que el l\u00edder de Ciudadanos detent\u00f3 su t\u00edtulo al menos desde 2015. El exministro dijo primero al semanario y luego en distintas ruedas de prensa que se hab\u00eda titulado en 2022. En esa ocasi\u00f3n tambi\u00e9n admiti\u00f3 su error.<br>\u201cLo primero que me interesa aclarar es que se trata de una carrera que concurs\u00e9 en su momento. Esto fue hace muchos a\u00f1os, y lo que me qued\u00f3 pendiente fue la defensa de la tesis. Pasaron los a\u00f1os, me dediqu\u00e9 a la actividad privada y m\u00e1s tarde a la actividad pol\u00edtica. Nunca defend\u00ed esa tesis. S\u00ed tuve inter\u00e9s de hacerlo en el \u00faltimo tiempo para culminar ese ciclo y finalmente aprob\u00e9 la defensa de la tesis\u201d, dijo Pe\u00f1a el jueves 26.<br>Sin embargo, este domingo B\u00fasqueda inform\u00f3 que Pe\u00f1a no hab\u00eda terminado la carrera como dijo d\u00edas atr\u00e1s, ya que le faltaba todav\u00eda un curso.<br>El excanciller y exlider del sector, Ernesto Talvi, renunci\u00f3 en julio de 2020, y el exministro de Ganader\u00eda, Carlos Mar\u00eda Uriarte, fue removido en julio de 2021.<br>Antes de fin de a\u00f1o, adem\u00e1s, Carolina Ache renunci\u00f3 a la subsecretar\u00eda de Relaciones Exteriores luego que desde Ciudadanos plantearan dudas sobre su actuaci\u00f3n en el caso que termin\u00f3 con la entrega del pasaporte al narcotraficante Sebasti\u00e1n Marset.<\/p>\n","protected":false},"excerpt":{"rendered":"<p>Tras mantener una reuni\u00f3n con la bancada del sector Ciudadanos, Adri\u00e1n Pe\u00f1a anunci\u00f3 este lunes&#8230;<\/p>\n","protected":false},"author":1,"featured_media":9303,"comment_status":"open","ping_status":"open","sticky":false,"template":"","format":"standard","meta":{"_monsterinsights_skip_tracking":false,"_monsterinsights_sitenote_active":false,"_monsterinsights_sitenote_note":"","_monsterinsights_sitenote_category":0,"footnotes":""},"categories":[11],"tags":[],"class_list":["post-9302","post","type-post","status-publish","format-standard","has-post-thumbnail","hentry","category-noticia-destacada"],"featured_image_urls":{"full":["https:\/\/diariotiempo.com.uy\/noticias\/wp-content\/uploads\/2023\/01\/pena.jpg",578,426,false],"thumbnail":["https:\/\/diariotiempo.com.uy\/noticias\/wp-content\/uploads\/2023\/01\/pena-150x150.jpg",150,150,true],"medium":["https:\/\/diariotiempo.com.uy\/noticias\/wp-content\/uploads\/2023\/01\/pena-300x221.jpg",300,221,true],"medium_large":["https:\/\/diariotiempo.com.uy\/noticias\/wp-content\/uploads\/2023\/01\/pena.jpg",578,426,false],"large":["https:\/\/diariotiempo.com.uy\/noticias\/wp-content\/uploads\/2023\/01\/pena.jpg",578,426,false],"rpg_gallery_admin_thumb":["https:\/\/diariotiempo.com.uy\/noticias\/wp-content\/uploads\/2023\/01\/pena.jpg",150,111,false],"rpg_gallery_thumb":["https:\/\/diariotiempo.com.uy\/noticias\/wp-content\/uploads\/2023\/01\/pena.jpg",150,111,false],"1536x1536":["https:\/\/diariotiempo.com.uy\/noticias\/wp-content\/uploads\/2023\/01\/pena.jpg",578,426,false],"2048x2048":["https:\/\/diariotiempo.com.uy\/noticias\/wp-content\/uploads\/2023\/01\/pena.jpg",578,426,false],"covernews-slider-full":["https:\/\/diariotiempo.com.uy\/noticias\/wp-content\/uploads\/2023\/01\/pena.jpg",578,426,false],"covernews-slider-center":["https:\/\/diariotiempo.com.uy\/noticias\/wp-content\/uploads\/2023\/01\/pena.jpg",578,426,false],"covernews-featured":["https:\/\/diariotiempo.com.uy\/noticias\/wp-content\/uploads\/2023\/01\/pena.jpg",578,426,false],"covernews-medium":["https:\/\/diariotiempo.com.uy\/noticias\/wp-content\/uploads\/2023\/01\/pena-540x340.jpg",540,340,true],"covernews-medium-square":["https:\/\/diariotiempo.com.uy\/noticias\/wp-content\/uploads\/2023\/01\/pena-400x250.jpg",400,250,true]},"author_info":{"display_name":"diario","author_link":"https:\/\/diariotiempo.com.uy\/noticias\/author\/diario\/"},"category_info":"<a href=\"https:\/\/diariotiempo.com.uy\/noticias\/category\/noticia-destacada\/\" rel=\"category tag\">NOTICIA DESTACADA<\/a>","tag_info":"NOTICIA DESTACADA","comment_count":"0","_links":{"self":[{"href":"https:\/\/diariotiempo.com.uy\/noticias\/wp-json\/wp\/v2\/posts\/9302","targetHints":{"allow":["GET"]}}],"collection":[{"href":"https:\/\/diariotiempo.com.uy\/noticias\/wp-json\/wp\/v2\/posts"}],"about":[{"href":"https:\/\/diariotiempo.com.uy\/noticias\/wp-json\/wp\/v2\/types\/post"}],"author":[{"embeddable":true,"href":"https:\/\/diariotiempo.com.uy\/noticias\/wp-json\/wp\/v2\/users\/1"}],"replies":[{"embeddable":true,"href":"https:\/\/diariotiempo.com.uy\/noticias\/wp-json\/wp\/v2\/comments?post=9302"}],"version-history":[{"count":1,"href":"https:\/\/diariotiempo.com.uy\/noticias\/wp-json\/wp\/v2\/posts\/9302\/revisions"}],"predecessor-version":[{"id":9304,"href":"https:\/\/diariotiempo.com.uy\/noticias\/wp-json\/wp\/v2\/posts\/9302\/revisions\/9304"}],"wp:featuredmedia":[{"embeddable":true,"href":"https:\/\/diariotiempo.com.uy\/noticias\/wp-json\/wp\/v2\/media\/9303"}],"wp:attachment":[{"href":"https:\/\/diariotiempo.com.uy\/noticias\/wp-json\/wp\/v2\/media?parent=9302"}],"wp:term":[{"taxonomy":"category","embeddable":true,"href":"https:\/\/diariotiempo.com.uy\/noticias\/wp-json\/wp\/v2\/categories?post=9302"},{"taxonomy":"post_tag","embeddable":true,"href":"https:\/\/diariotiempo.com.uy\/noticias\/wp-json\/wp\/v2\/tags?post=9302"}],"curies":[{"name":"wp","href":"https:\/\/api.w.org\/{rel}","templated":true}]}}