{"id":9311,"date":"2023-01-31T13:32:36","date_gmt":"2023-01-31T13:32:36","guid":{"rendered":"https:\/\/diariotiempo.com.uy\/noticias\/?p=9311"},"modified":"2023-01-31T13:32:37","modified_gmt":"2023-01-31T13:32:37","slug":"hoy-uruguay-inicia-su-camino-en-la-fase-final-del-conmebol-sub20-ante-el-local","status":"publish","type":"post","link":"https:\/\/diariotiempo.com.uy\/noticias\/2023\/01\/31\/hoy-uruguay-inicia-su-camino-en-la-fase-final-del-conmebol-sub20-ante-el-local\/","title":{"rendered":"Hoy Uruguay inicia su camino en la Fase Final del CONMEBOL SUB20 ante el local"},"content":{"rendered":"\n<figure class=\"wp-block-image size-full\"><img loading=\"lazy\" decoding=\"async\" width=\"800\" height=\"525\" src=\"https:\/\/diariotiempo.com.uy\/noticias\/wp-content\/uploads\/2023\/01\/uruguay.jpg\" alt=\"\" class=\"wp-image-9312\" srcset=\"https:\/\/diariotiempo.com.uy\/noticias\/wp-content\/uploads\/2023\/01\/uruguay.jpg 800w, https:\/\/diariotiempo.com.uy\/noticias\/wp-content\/uploads\/2023\/01\/uruguay-300x197.jpg 300w, https:\/\/diariotiempo.com.uy\/noticias\/wp-content\/uploads\/2023\/01\/uruguay-768x504.jpg 768w\" sizes=\"auto, (max-width: 800px) 100vw, 800px\" \/><\/figure>\n\n\n\n<p>La selecci\u00f3n uruguaya inicia su camino en la Fase Final del CONMEBOL SUB20 de Colombia, el pr\u00f3ximo martes a las 22 h (Uy) ante el local en el estadio El Camp\u00edn de Bogot\u00e1.<\/p>\n\n\n\n<p>Tras finalizar en la primera posici\u00f3n del grupo B con diez unidades, producto de tres victorias y un empate, los dirigidos por Marcelo Broli viajaron a Bogot\u00e1 este domingo, para preparar el primer partido de la siguiente ronda ante los due\u00f1os de casa, que finalizaron como segundos en el grupo A.<\/p>\n\n\n\n<p>Ese mismo d\u00eda, se enfrentar\u00e1n Paraguay vs Venezuela y Brasil vs Ecuador.<\/p>\n\n\n\n<p>Luego de dos d\u00edas de descanso, la segunda fecha la abrir\u00e1 Uruguay, cuando el viernes 3 de febrero a las 17 h (Uy), juegue en el estadio Metropolitano de Techo ante Ecuador, el vigente campe\u00f3n, con quien viene de empatar a 1 en la \u00faltima fecha de la Fase de Grupos.<\/p>\n\n\n\n<p>Completar\u00e1n la etapa los encuentros Brasil vs Venezuela y Colombia vs Paraguay.<\/p>\n\n\n\n<p>El lunes 6, Uruguay volver\u00e1 a abrir la etapa, esta vez enfrentando a Venezuela tambi\u00e9n en el Metropolitano de Techo a las 17 h (Uy). Este choque repite de la fase de grupos, donde la vinotinto, que fue derrotada 3-0 por la Celeste, tuvo una recuperaci\u00f3n en los dos encuentros finales que le permitieron clasificarse con seis unidades, como segunda de la serie.<\/p>\n\n\n\n<p>Completar\u00e1n la etapa los encuentros Paraguay vs Brasil y Colombia vs Ecuador.<\/p>\n\n\n\n<p>Finalmente el domingo 12 se cerrar\u00e1 la Fase Final con tres encuentros de los que resta definir los horarios. Adem\u00e1s de Venezuela vs Colombia y Ecuador vs Paraguay, el Camp\u00edn de Bogot\u00e1 ser\u00e1 el escenario del choque entre los primeros de los grupos, Brasil y Uruguay. Fuente y foto AUF<\/p>\n","protected":false},"excerpt":{"rendered":"<p>La selecci\u00f3n uruguaya inicia su camino en la Fase Final del CONMEBOL SUB20 de Colombia,&#8230;<\/p>\n","protected":false},"author":1,"featured_media":9312,"comment_status":"open","ping_status":"open","sticky":false,"template":"","format":"standard","meta":{"_monsterinsights_skip_tracking":false,"_monsterinsights_sitenote_active":false,"_monsterinsights_sitenote_note":"","_monsterinsights_sitenote_category":0,"footnotes":""},"categories":[8],"tags":[],"class_list":["post-9311","post","type-post","status-publish","format-standard","has-post-thumbnail","hentry","category-deporte"],"featured_image_urls":{"full":["https:\/\/diariotiempo.com.uy\/noticias\/wp-content\/uploads\/2023\/01\/uruguay.jpg",800,525,false],"thumbnail":["https:\/\/diariotiempo.com.uy\/noticias\/wp-content\/uploads\/2023\/01\/uruguay-150x150.jpg",150,150,true],"medium":["https:\/\/diariotiempo.com.uy\/noticias\/wp-content\/uploads\/2023\/01\/uruguay-300x197.jpg",300,197,true],"medium_large":["https:\/\/diariotiempo.com.uy\/noticias\/wp-content\/uploads\/2023\/01\/uruguay-768x504.jpg",640,420,true],"large":["https:\/\/diariotiempo.com.uy\/noticias\/wp-content\/uploads\/2023\/01\/uruguay.jpg",640,420,false],"rpg_gallery_admin_thumb":["https:\/\/diariotiempo.com.uy\/noticias\/wp-content\/uploads\/2023\/01\/uruguay.jpg",150,98,false],"rpg_gallery_thumb":["https:\/\/diariotiempo.com.uy\/noticias\/wp-content\/uploads\/2023\/01\/uruguay.jpg",150,98,false],"1536x1536":["https:\/\/diariotiempo.com.uy\/noticias\/wp-content\/uploads\/2023\/01\/uruguay.jpg",800,525,false],"2048x2048":["https:\/\/diariotiempo.com.uy\/noticias\/wp-content\/uploads\/2023\/01\/uruguay.jpg",800,525,false],"covernews-slider-full":["https:\/\/diariotiempo.com.uy\/noticias\/wp-content\/uploads\/2023\/01\/uruguay.jpg",800,525,false],"covernews-slider-center":["https:\/\/diariotiempo.com.uy\/noticias\/wp-content\/uploads\/2023\/01\/uruguay-800x500.jpg",800,500,true],"covernews-featured":["https:\/\/diariotiempo.com.uy\/noticias\/wp-content\/uploads\/2023\/01\/uruguay.jpg",800,525,false],"covernews-medium":["https:\/\/diariotiempo.com.uy\/noticias\/wp-content\/uploads\/2023\/01\/uruguay-540x340.jpg",540,340,true],"covernews-medium-square":["https:\/\/diariotiempo.com.uy\/noticias\/wp-content\/uploads\/2023\/01\/uruguay-400x250.jpg",400,250,true]},"author_info":{"display_name":"diario","author_link":"https:\/\/diariotiempo.com.uy\/noticias\/author\/diario\/"},"category_info":"<a href=\"https:\/\/diariotiempo.com.uy\/noticias\/category\/deporte\/\" rel=\"category tag\">DEPORTE<\/a>","tag_info":"DEPORTE","comment_count":"0","_links":{"self":[{"href":"https:\/\/diariotiempo.com.uy\/noticias\/wp-json\/wp\/v2\/posts\/9311","targetHints":{"allow":["GET"]}}],"collection":[{"href":"https:\/\/diariotiempo.com.uy\/noticias\/wp-json\/wp\/v2\/posts"}],"about":[{"href":"https:\/\/diariotiempo.com.uy\/noticias\/wp-json\/wp\/v2\/types\/post"}],"author":[{"embeddable":true,"href":"https:\/\/diariotiempo.com.uy\/noticias\/wp-json\/wp\/v2\/users\/1"}],"replies":[{"embeddable":true,"href":"https:\/\/diariotiempo.com.uy\/noticias\/wp-json\/wp\/v2\/comments?post=9311"}],"version-history":[{"count":1,"href":"https:\/\/diariotiempo.com.uy\/noticias\/wp-json\/wp\/v2\/posts\/9311\/revisions"}],"predecessor-version":[{"id":9313,"href":"https:\/\/diariotiempo.com.uy\/noticias\/wp-json\/wp\/v2\/posts\/9311\/revisions\/9313"}],"wp:featuredmedia":[{"embeddable":true,"href":"https:\/\/diariotiempo.com.uy\/noticias\/wp-json\/wp\/v2\/media\/9312"}],"wp:attachment":[{"href":"https:\/\/diariotiempo.com.uy\/noticias\/wp-json\/wp\/v2\/media?parent=9311"}],"wp:term":[{"taxonomy":"category","embeddable":true,"href":"https:\/\/diariotiempo.com.uy\/noticias\/wp-json\/wp\/v2\/categories?post=9311"},{"taxonomy":"post_tag","embeddable":true,"href":"https:\/\/diariotiempo.com.uy\/noticias\/wp-json\/wp\/v2\/tags?post=9311"}],"curies":[{"name":"wp","href":"https:\/\/api.w.org\/{rel}","templated":true}]}}