{"id":9320,"date":"2023-02-01T19:00:32","date_gmt":"2023-02-01T19:00:32","guid":{"rendered":"https:\/\/diariotiempo.com.uy\/noticias\/?p=9320"},"modified":"2023-02-01T19:00:32","modified_gmt":"2023-02-01T19:00:32","slug":"operativos-anti-picadas-con-varios-vehiculos-incautados","status":"publish","type":"post","link":"https:\/\/diariotiempo.com.uy\/noticias\/2023\/02\/01\/operativos-anti-picadas-con-varios-vehiculos-incautados\/","title":{"rendered":"Operativos Anti Picadas con varios veh\u00edculos incautados"},"content":{"rendered":"\n<figure class=\"wp-block-image size-full\"><img loading=\"lazy\" decoding=\"async\" width=\"619\" height=\"262\" src=\"https:\/\/diariotiempo.com.uy\/noticias\/wp-content\/uploads\/2023\/02\/picadas.jpg\" alt=\"\" class=\"wp-image-9321\" srcset=\"https:\/\/diariotiempo.com.uy\/noticias\/wp-content\/uploads\/2023\/02\/picadas.jpg 619w, https:\/\/diariotiempo.com.uy\/noticias\/wp-content\/uploads\/2023\/02\/picadas-300x127.jpg 300w\" sizes=\"auto, (max-width: 619px) 100vw, 619px\" \/><\/figure>\n\n\n\n<p>De J.P.C. En el marco de los operativos que viene llevando a cabo personal de la Jefatura de Polic\u00eda de Canelones, Polic\u00eda Caminera y contando con el apoyo del Cuerpo Inspectivo del Gobierno de Canelones, en la pasada noche se llev\u00f3 a cabo un operativo en Prevenci\u00f3n de Picadas.<\/p>\n\n\n\n<p>OPERATIVOS ANTI-PICADAS ZONA OPERACIONAL I (Las Piedras)<\/p>\n\n\n\n<p>01 Persona Detenida<br>18 Veh\u00edculos Incautados<br>69 Boletas de Contravenci\u00f3n<br>02 Espirometr\u00edas Positivas<\/p>\n\n\n\n<p>OPERATIVOS ANTI-PICADAS ZONA OPERACIONAL Il<br>(Ciudad de Pando, Sauce, Su\u00e1rez y \u00b4Toledo)<\/p>\n\n\n\n<p>23 Personas Identificadas<br>09 Veh\u00edculos Identificados<br>03 Boletas de Contravenci\u00f3n<br>01 Veh\u00edculo Incautado<\/p>\n\n\n\n<p>OPERATIVOS ANTI-PICADAS ZONA OPERACIONAL IlI<br>(Ciudad de la Costa, El Pinar)<\/p>\n\n\n\n<p>30 Personas Identificadas<br>20 Veh\u00edculos Identificados<\/p>\n\n\n\n<p>OPERATIVOS ANTI-PICADAS ZONA OPERACIONAL IV<br>(Ciudad de Canelones y Santa Luc\u00eda)<br>35 Personas Identificadas<br>18 Veh\u00edculos Identificados<br>08 Veh\u00edculos Incautados<\/p>\n\n\n\n<p>OPERATIVOS ANTI-PICADAS ZONA OPERACIONAL V<br>(Ciudad de Atl\u00e1ntida y La Floresta)<\/p>\n\n\n\n<p>03 Espirometr\u00edas Positivas<br>04 Veh\u00edculos Incautados<br>49 Boletas de Contravenci\u00f3n<\/p>\n","protected":false},"excerpt":{"rendered":"<p>De J.P.C. En el marco de los operativos que viene llevando a cabo personal de&#8230;<\/p>\n","protected":false},"author":1,"featured_media":9321,"comment_status":"open","ping_status":"open","sticky":false,"template":"","format":"standard","meta":{"_monsterinsights_skip_tracking":false,"_monsterinsights_sitenote_active":false,"_monsterinsights_sitenote_note":"","_monsterinsights_sitenote_category":0,"footnotes":""},"categories":[11],"tags":[],"class_list":["post-9320","post","type-post","status-publish","format-standard","has-post-thumbnail","hentry","category-noticia-destacada"],"featured_image_urls":{"full":["https:\/\/diariotiempo.com.uy\/noticias\/wp-content\/uploads\/2023\/02\/picadas.jpg",619,262,false],"thumbnail":["https:\/\/diariotiempo.com.uy\/noticias\/wp-content\/uploads\/2023\/02\/picadas-150x150.jpg",150,150,true],"medium":["https:\/\/diariotiempo.com.uy\/noticias\/wp-content\/uploads\/2023\/02\/picadas-300x127.jpg",300,127,true],"medium_large":["https:\/\/diariotiempo.com.uy\/noticias\/wp-content\/uploads\/2023\/02\/picadas.jpg",619,262,false],"large":["https:\/\/diariotiempo.com.uy\/noticias\/wp-content\/uploads\/2023\/02\/picadas.jpg",619,262,false],"rpg_gallery_admin_thumb":["https:\/\/diariotiempo.com.uy\/noticias\/wp-content\/uploads\/2023\/02\/picadas.jpg",150,63,false],"rpg_gallery_thumb":["https:\/\/diariotiempo.com.uy\/noticias\/wp-content\/uploads\/2023\/02\/picadas.jpg",150,63,false],"1536x1536":["https:\/\/diariotiempo.com.uy\/noticias\/wp-content\/uploads\/2023\/02\/picadas.jpg",619,262,false],"2048x2048":["https:\/\/diariotiempo.com.uy\/noticias\/wp-content\/uploads\/2023\/02\/picadas.jpg",619,262,false],"covernews-slider-full":["https:\/\/diariotiempo.com.uy\/noticias\/wp-content\/uploads\/2023\/02\/picadas.jpg",619,262,false],"covernews-slider-center":["https:\/\/diariotiempo.com.uy\/noticias\/wp-content\/uploads\/2023\/02\/picadas.jpg",619,262,false],"covernews-featured":["https:\/\/diariotiempo.com.uy\/noticias\/wp-content\/uploads\/2023\/02\/picadas.jpg",619,262,false],"covernews-medium":["https:\/\/diariotiempo.com.uy\/noticias\/wp-content\/uploads\/2023\/02\/picadas-540x262.jpg",540,262,true],"covernews-medium-square":["https:\/\/diariotiempo.com.uy\/noticias\/wp-content\/uploads\/2023\/02\/picadas-400x250.jpg",400,250,true]},"author_info":{"display_name":"diario","author_link":"https:\/\/diariotiempo.com.uy\/noticias\/author\/diario\/"},"category_info":"<a href=\"https:\/\/diariotiempo.com.uy\/noticias\/category\/noticia-destacada\/\" rel=\"category tag\">NOTICIA DESTACADA<\/a>","tag_info":"NOTICIA DESTACADA","comment_count":"0","_links":{"self":[{"href":"https:\/\/diariotiempo.com.uy\/noticias\/wp-json\/wp\/v2\/posts\/9320","targetHints":{"allow":["GET"]}}],"collection":[{"href":"https:\/\/diariotiempo.com.uy\/noticias\/wp-json\/wp\/v2\/posts"}],"about":[{"href":"https:\/\/diariotiempo.com.uy\/noticias\/wp-json\/wp\/v2\/types\/post"}],"author":[{"embeddable":true,"href":"https:\/\/diariotiempo.com.uy\/noticias\/wp-json\/wp\/v2\/users\/1"}],"replies":[{"embeddable":true,"href":"https:\/\/diariotiempo.com.uy\/noticias\/wp-json\/wp\/v2\/comments?post=9320"}],"version-history":[{"count":1,"href":"https:\/\/diariotiempo.com.uy\/noticias\/wp-json\/wp\/v2\/posts\/9320\/revisions"}],"predecessor-version":[{"id":9322,"href":"https:\/\/diariotiempo.com.uy\/noticias\/wp-json\/wp\/v2\/posts\/9320\/revisions\/9322"}],"wp:featuredmedia":[{"embeddable":true,"href":"https:\/\/diariotiempo.com.uy\/noticias\/wp-json\/wp\/v2\/media\/9321"}],"wp:attachment":[{"href":"https:\/\/diariotiempo.com.uy\/noticias\/wp-json\/wp\/v2\/media?parent=9320"}],"wp:term":[{"taxonomy":"category","embeddable":true,"href":"https:\/\/diariotiempo.com.uy\/noticias\/wp-json\/wp\/v2\/categories?post=9320"},{"taxonomy":"post_tag","embeddable":true,"href":"https:\/\/diariotiempo.com.uy\/noticias\/wp-json\/wp\/v2\/tags?post=9320"}],"curies":[{"name":"wp","href":"https:\/\/api.w.org\/{rel}","templated":true}]}}