{"id":9357,"date":"2023-02-03T20:50:33","date_gmt":"2023-02-03T20:50:33","guid":{"rendered":"https:\/\/diariotiempo.com.uy\/noticias\/?p=9357"},"modified":"2023-02-03T20:50:34","modified_gmt":"2023-02-03T20:50:34","slug":"gobierno-de-canelones-exhorta-a-mantener-los-cuidados-necesarios-para-mitigar-incendios","status":"publish","type":"post","link":"https:\/\/diariotiempo.com.uy\/noticias\/2023\/02\/03\/gobierno-de-canelones-exhorta-a-mantener-los-cuidados-necesarios-para-mitigar-incendios\/","title":{"rendered":"Gobierno de Canelones exhorta a mantener los cuidados necesarios para mitigar incendios"},"content":{"rendered":"\n<figure class=\"wp-block-image size-full\"><img loading=\"lazy\" decoding=\"async\" width=\"599\" height=\"261\" src=\"https:\/\/diariotiempo.com.uy\/noticias\/wp-content\/uploads\/2023\/02\/CAMPANA.jpg\" alt=\"\" class=\"wp-image-9358\" srcset=\"https:\/\/diariotiempo.com.uy\/noticias\/wp-content\/uploads\/2023\/02\/CAMPANA.jpg 599w, https:\/\/diariotiempo.com.uy\/noticias\/wp-content\/uploads\/2023\/02\/CAMPANA-300x131.jpg 300w\" sizes=\"auto, (max-width: 599px) 100vw, 599px\" \/><\/figure>\n\n\n\n<p>Ante los incendios que se vienen registrando en distintos puntos del departamento por la falta de lluvias y las altas temperaturas, el Gobierno de Canelones solicita a la poblaci\u00f3n mantener todos los cuidados necesarios para mitigar los incendios.<br>La falta de lluvias de los \u00faltimos a\u00f1os ha creado condiciones que aumentan el riesgo de incendios y que afectan a sectores rurales vulnerables por la falta de agua, tanto para consumo humano como para la producci\u00f3n agropecuaria. Es por esto que desde el Gobierno de Canelones se trabaja fuertemente en la gesti\u00f3n de estos riesgos y se insta a la poblaci\u00f3n a mantener los cuidados necesarios, con el fin de evitar particularmente eventos de incendios.<br>En este sentido, se ha tomado una serie de medidas en predios que se encuentran en infracci\u00f3n, ampliando las sanciones previstas en la normativa vigente y, en particular, en la Ordenanza Forestal de Canelones.<br>Medidas de autoprotecci\u00f3n para quienes viven en entornos arbolados<\/p>\n\n\n\n<ul class=\"wp-block-list\">\n<li>Manten\u00e9 el c\u00e9sped corto y el entorno de tu casa libre de restos vegetales y arbustos seco.<\/li>\n\n\n\n<li>Los predios deben tener accesos bien definidos y un manejo adecuado de la vegetaci\u00f3n.<\/li>\n\n\n\n<li>Pod\u00e1 las ramas bajas de los \u00e1rboles hasta una altura de dos metros desde el suelo.<\/li>\n\n\n\n<li>Evit\u00e1 la vegetaci\u00f3n muy pr\u00f3xima al hogar y los arbustos debajo de los \u00e1rboles, en una distancia m\u00ednima de 10 metros.<\/li>\n\n\n\n<li>Limpi\u00e1 las azoteas y canaletas de desag\u00fce de hojas secas y pinocha.<\/li>\n\n\n\n<li>Revis\u00e1 el buen estado del chispero o matachispas de tu parrillero y moj\u00e1 bien las brasas antes de tirarlas.<\/li>\n\n\n\n<li>No acumules le\u00f1a pr\u00f3xima a la vivienda.<\/li>\n\n\n\n<li>No permitas que los ni\u00f1os jueguen con fuego.<br>Record\u00e1 coordinar el retiro de restos vegetales a trav\u00e9s del 1828 interno 83, v\u00eda web www.imcanelones.gub.uy o por la aplicaci\u00f3n para celulares Gesti\u00f3n de Servicios SIADA.<br>En caso de ver humo o fuego, se debe llamar inmediatamente al 911.<\/li>\n<\/ul>\n","protected":false},"excerpt":{"rendered":"<p>Ante los incendios que se vienen registrando en distintos puntos del departamento por la falta&#8230;<\/p>\n","protected":false},"author":1,"featured_media":9358,"comment_status":"open","ping_status":"open","sticky":false,"template":"","format":"standard","meta":{"_monsterinsights_skip_tracking":false,"_monsterinsights_sitenote_active":false,"_monsterinsights_sitenote_note":"","_monsterinsights_sitenote_category":0,"footnotes":""},"categories":[4],"tags":[],"class_list":["post-9357","post","type-post","status-publish","format-standard","has-post-thumbnail","hentry","category-departamental"],"featured_image_urls":{"full":["https:\/\/diariotiempo.com.uy\/noticias\/wp-content\/uploads\/2023\/02\/CAMPANA.jpg",599,261,false],"thumbnail":["https:\/\/diariotiempo.com.uy\/noticias\/wp-content\/uploads\/2023\/02\/CAMPANA-150x150.jpg",150,150,true],"medium":["https:\/\/diariotiempo.com.uy\/noticias\/wp-content\/uploads\/2023\/02\/CAMPANA-300x131.jpg",300,131,true],"medium_large":["https:\/\/diariotiempo.com.uy\/noticias\/wp-content\/uploads\/2023\/02\/CAMPANA.jpg",599,261,false],"large":["https:\/\/diariotiempo.com.uy\/noticias\/wp-content\/uploads\/2023\/02\/CAMPANA.jpg",599,261,false],"rpg_gallery_admin_thumb":["https:\/\/diariotiempo.com.uy\/noticias\/wp-content\/uploads\/2023\/02\/CAMPANA.jpg",150,65,false],"rpg_gallery_thumb":["https:\/\/diariotiempo.com.uy\/noticias\/wp-content\/uploads\/2023\/02\/CAMPANA.jpg",150,65,false],"1536x1536":["https:\/\/diariotiempo.com.uy\/noticias\/wp-content\/uploads\/2023\/02\/CAMPANA.jpg",599,261,false],"2048x2048":["https:\/\/diariotiempo.com.uy\/noticias\/wp-content\/uploads\/2023\/02\/CAMPANA.jpg",599,261,false],"covernews-slider-full":["https:\/\/diariotiempo.com.uy\/noticias\/wp-content\/uploads\/2023\/02\/CAMPANA.jpg",599,261,false],"covernews-slider-center":["https:\/\/diariotiempo.com.uy\/noticias\/wp-content\/uploads\/2023\/02\/CAMPANA.jpg",599,261,false],"covernews-featured":["https:\/\/diariotiempo.com.uy\/noticias\/wp-content\/uploads\/2023\/02\/CAMPANA.jpg",599,261,false],"covernews-medium":["https:\/\/diariotiempo.com.uy\/noticias\/wp-content\/uploads\/2023\/02\/CAMPANA-540x261.jpg",540,261,true],"covernews-medium-square":["https:\/\/diariotiempo.com.uy\/noticias\/wp-content\/uploads\/2023\/02\/CAMPANA-400x250.jpg",400,250,true]},"author_info":{"display_name":"diario","author_link":"https:\/\/diariotiempo.com.uy\/noticias\/author\/diario\/"},"category_info":"<a href=\"https:\/\/diariotiempo.com.uy\/noticias\/category\/departamental\/\" rel=\"category tag\">DEPARTAMENTAL<\/a>","tag_info":"DEPARTAMENTAL","comment_count":"0","_links":{"self":[{"href":"https:\/\/diariotiempo.com.uy\/noticias\/wp-json\/wp\/v2\/posts\/9357","targetHints":{"allow":["GET"]}}],"collection":[{"href":"https:\/\/diariotiempo.com.uy\/noticias\/wp-json\/wp\/v2\/posts"}],"about":[{"href":"https:\/\/diariotiempo.com.uy\/noticias\/wp-json\/wp\/v2\/types\/post"}],"author":[{"embeddable":true,"href":"https:\/\/diariotiempo.com.uy\/noticias\/wp-json\/wp\/v2\/users\/1"}],"replies":[{"embeddable":true,"href":"https:\/\/diariotiempo.com.uy\/noticias\/wp-json\/wp\/v2\/comments?post=9357"}],"version-history":[{"count":1,"href":"https:\/\/diariotiempo.com.uy\/noticias\/wp-json\/wp\/v2\/posts\/9357\/revisions"}],"predecessor-version":[{"id":9359,"href":"https:\/\/diariotiempo.com.uy\/noticias\/wp-json\/wp\/v2\/posts\/9357\/revisions\/9359"}],"wp:featuredmedia":[{"embeddable":true,"href":"https:\/\/diariotiempo.com.uy\/noticias\/wp-json\/wp\/v2\/media\/9358"}],"wp:attachment":[{"href":"https:\/\/diariotiempo.com.uy\/noticias\/wp-json\/wp\/v2\/media?parent=9357"}],"wp:term":[{"taxonomy":"category","embeddable":true,"href":"https:\/\/diariotiempo.com.uy\/noticias\/wp-json\/wp\/v2\/categories?post=9357"},{"taxonomy":"post_tag","embeddable":true,"href":"https:\/\/diariotiempo.com.uy\/noticias\/wp-json\/wp\/v2\/tags?post=9357"}],"curies":[{"name":"wp","href":"https:\/\/api.w.org\/{rel}","templated":true}]}}