{"id":9365,"date":"2023-02-03T20:54:41","date_gmt":"2023-02-03T20:54:41","guid":{"rendered":"https:\/\/diariotiempo.com.uy\/noticias\/?p=9365"},"modified":"2023-02-03T20:54:42","modified_gmt":"2023-02-03T20:54:42","slug":"intendente-orsi-presento-denuncia-por-desvio-e-interrupcion-del-curso-de-agua-en-el-rio-santa-lucia","status":"publish","type":"post","link":"https:\/\/diariotiempo.com.uy\/noticias\/2023\/02\/03\/intendente-orsi-presento-denuncia-por-desvio-e-interrupcion-del-curso-de-agua-en-el-rio-santa-lucia\/","title":{"rendered":"Intendente Orsi present\u00f3 denuncia por desv\u00edo e interrupci\u00f3n del curso de agua en el r\u00edo Santa Luc\u00eda"},"content":{"rendered":"\n<figure class=\"wp-block-image size-full\"><img loading=\"lazy\" decoding=\"async\" width=\"800\" height=\"432\" src=\"https:\/\/diariotiempo.com.uy\/noticias\/wp-content\/uploads\/2023\/02\/rio.jpg\" alt=\"\" class=\"wp-image-9366\" srcset=\"https:\/\/diariotiempo.com.uy\/noticias\/wp-content\/uploads\/2023\/02\/rio.jpg 800w, https:\/\/diariotiempo.com.uy\/noticias\/wp-content\/uploads\/2023\/02\/rio-300x162.jpg 300w, https:\/\/diariotiempo.com.uy\/noticias\/wp-content\/uploads\/2023\/02\/rio-768x415.jpg 768w\" sizes=\"auto, (max-width: 800px) 100vw, 800px\" \/><\/figure>\n\n\n\n<p>El Intendente de Canelones, Prof. Yamand\u00fa Orsi, se present\u00f3 ante autoridades del Ministerio de Ambiente a efectos de denunciar \u201cmanejos inadmisibles\u201d de particulares en el curso de agua del r\u00edo Santa Luc\u00eda.<\/p>\n\n\n\n<p>El jefe comunal le entreg\u00f3 en sus propias manos un pendrive al Subsecretario del Ministerio, Gerardo Amarilla, con im\u00e1genes que dan cuenta de la denuncia. Orsi dijo que se \u201cconstat\u00f3 este martes una agresi\u00f3n que est\u00e1 sufriendo el r\u00edo Santa Luc\u00eda, por lo que no es un tema solamente de car\u00e1cter departamental, sino que tambi\u00e9n es nacional\u201d.<br>El Intendente inform\u00f3 que se est\u00e1 cambiando el curso del r\u00edo, ya que se est\u00e1 represando en lugares donde hay muy poca agua, a pocos kil\u00f3metros de la toma de agua de San Ram\u00f3n. \u201cEstamos hablando del r\u00edo Santa Luc\u00eda, que despu\u00e9s abastece a casi 2.000.000 de personas\u201d, afirm\u00f3 Orsi.<br>Las im\u00e1genes presentadas ante el Ministerio de Ambiente, que tiene jurisdicci\u00f3n en el tema, muestran una desviaci\u00f3n del curso de agua en el r\u00edo en tres tramos. Adem\u00e1s, se denuncia un terrapl\u00e9n de dos metros de altura que se utiliz\u00f3 para crear un camino para el pasaje de camiones y se agrega que el trayecto que deber\u00eda ser el curso del r\u00edo \u201cahora est\u00e1 totalmente tapado\u201d.<br>Tras entregar el documento audiovisual a Amarilla, Orsi declar\u00f3 a la prensa que los autores de estas acciones \u201cse supone que son empresas vinculadas con areneras\u201d, y dijo que m\u00e1s all\u00e1 de la intenci\u00f3n \u201cson manejos inadmisibles, un verdadero atropello al medio ambiente, en un momento adem\u00e1s complicad\u00edsimo para el agua\u201d. A\u00f1adi\u00f3 que esta situaci\u00f3n se est\u00e1 vigilando desde octubre del 2022 y que la multa a los autores de la depredaci\u00f3n girar\u00e1 en torno a 2000 Unidades Reajustables, unos US$ 77.000.<br>Foto y texto. Gobierno de Canelones<\/p>\n","protected":false},"excerpt":{"rendered":"<p>El Intendente de Canelones, Prof. Yamand\u00fa Orsi, se present\u00f3 ante autoridades del Ministerio de Ambiente&#8230;<\/p>\n","protected":false},"author":1,"featured_media":9366,"comment_status":"open","ping_status":"open","sticky":false,"template":"","format":"standard","meta":{"_monsterinsights_skip_tracking":false,"_monsterinsights_sitenote_active":false,"_monsterinsights_sitenote_note":"","_monsterinsights_sitenote_category":0,"footnotes":""},"categories":[4],"tags":[],"class_list":["post-9365","post","type-post","status-publish","format-standard","has-post-thumbnail","hentry","category-departamental"],"featured_image_urls":{"full":["https:\/\/diariotiempo.com.uy\/noticias\/wp-content\/uploads\/2023\/02\/rio.jpg",800,432,false],"thumbnail":["https:\/\/diariotiempo.com.uy\/noticias\/wp-content\/uploads\/2023\/02\/rio-150x150.jpg",150,150,true],"medium":["https:\/\/diariotiempo.com.uy\/noticias\/wp-content\/uploads\/2023\/02\/rio-300x162.jpg",300,162,true],"medium_large":["https:\/\/diariotiempo.com.uy\/noticias\/wp-content\/uploads\/2023\/02\/rio-768x415.jpg",640,346,true],"large":["https:\/\/diariotiempo.com.uy\/noticias\/wp-content\/uploads\/2023\/02\/rio.jpg",640,346,false],"rpg_gallery_admin_thumb":["https:\/\/diariotiempo.com.uy\/noticias\/wp-content\/uploads\/2023\/02\/rio.jpg",150,81,false],"rpg_gallery_thumb":["https:\/\/diariotiempo.com.uy\/noticias\/wp-content\/uploads\/2023\/02\/rio.jpg",150,81,false],"1536x1536":["https:\/\/diariotiempo.com.uy\/noticias\/wp-content\/uploads\/2023\/02\/rio.jpg",800,432,false],"2048x2048":["https:\/\/diariotiempo.com.uy\/noticias\/wp-content\/uploads\/2023\/02\/rio.jpg",800,432,false],"covernews-slider-full":["https:\/\/diariotiempo.com.uy\/noticias\/wp-content\/uploads\/2023\/02\/rio.jpg",800,432,false],"covernews-slider-center":["https:\/\/diariotiempo.com.uy\/noticias\/wp-content\/uploads\/2023\/02\/rio.jpg",800,432,false],"covernews-featured":["https:\/\/diariotiempo.com.uy\/noticias\/wp-content\/uploads\/2023\/02\/rio.jpg",800,432,false],"covernews-medium":["https:\/\/diariotiempo.com.uy\/noticias\/wp-content\/uploads\/2023\/02\/rio-540x340.jpg",540,340,true],"covernews-medium-square":["https:\/\/diariotiempo.com.uy\/noticias\/wp-content\/uploads\/2023\/02\/rio-400x250.jpg",400,250,true]},"author_info":{"display_name":"diario","author_link":"https:\/\/diariotiempo.com.uy\/noticias\/author\/diario\/"},"category_info":"<a href=\"https:\/\/diariotiempo.com.uy\/noticias\/category\/departamental\/\" rel=\"category tag\">DEPARTAMENTAL<\/a>","tag_info":"DEPARTAMENTAL","comment_count":"0","_links":{"self":[{"href":"https:\/\/diariotiempo.com.uy\/noticias\/wp-json\/wp\/v2\/posts\/9365","targetHints":{"allow":["GET"]}}],"collection":[{"href":"https:\/\/diariotiempo.com.uy\/noticias\/wp-json\/wp\/v2\/posts"}],"about":[{"href":"https:\/\/diariotiempo.com.uy\/noticias\/wp-json\/wp\/v2\/types\/post"}],"author":[{"embeddable":true,"href":"https:\/\/diariotiempo.com.uy\/noticias\/wp-json\/wp\/v2\/users\/1"}],"replies":[{"embeddable":true,"href":"https:\/\/diariotiempo.com.uy\/noticias\/wp-json\/wp\/v2\/comments?post=9365"}],"version-history":[{"count":1,"href":"https:\/\/diariotiempo.com.uy\/noticias\/wp-json\/wp\/v2\/posts\/9365\/revisions"}],"predecessor-version":[{"id":9367,"href":"https:\/\/diariotiempo.com.uy\/noticias\/wp-json\/wp\/v2\/posts\/9365\/revisions\/9367"}],"wp:featuredmedia":[{"embeddable":true,"href":"https:\/\/diariotiempo.com.uy\/noticias\/wp-json\/wp\/v2\/media\/9366"}],"wp:attachment":[{"href":"https:\/\/diariotiempo.com.uy\/noticias\/wp-json\/wp\/v2\/media?parent=9365"}],"wp:term":[{"taxonomy":"category","embeddable":true,"href":"https:\/\/diariotiempo.com.uy\/noticias\/wp-json\/wp\/v2\/categories?post=9365"},{"taxonomy":"post_tag","embeddable":true,"href":"https:\/\/diariotiempo.com.uy\/noticias\/wp-json\/wp\/v2\/tags?post=9365"}],"curies":[{"name":"wp","href":"https:\/\/api.w.org\/{rel}","templated":true}]}}