{"id":9389,"date":"2023-02-06T20:37:05","date_gmt":"2023-02-06T20:37:05","guid":{"rendered":"https:\/\/diariotiempo.com.uy\/noticias\/?p=9389"},"modified":"2023-02-06T20:37:06","modified_gmt":"2023-02-06T20:37:06","slug":"28-anos-y-9-meses-de-prision-para-autor-de-femicidio","status":"publish","type":"post","link":"https:\/\/diariotiempo.com.uy\/noticias\/2023\/02\/06\/28-anos-y-9-meses-de-prision-para-autor-de-femicidio\/","title":{"rendered":"28 a\u00f1os y 9 meses de prisi\u00f3n para autor de femicidio"},"content":{"rendered":"\n<figure class=\"wp-block-image size-full\"><img loading=\"lazy\" decoding=\"async\" width=\"800\" height=\"533\" src=\"https:\/\/diariotiempo.com.uy\/noticias\/wp-content\/uploads\/2023\/02\/prision.jpg\" alt=\"\" class=\"wp-image-9390\" srcset=\"https:\/\/diariotiempo.com.uy\/noticias\/wp-content\/uploads\/2023\/02\/prision.jpg 800w, https:\/\/diariotiempo.com.uy\/noticias\/wp-content\/uploads\/2023\/02\/prision-300x200.jpg 300w, https:\/\/diariotiempo.com.uy\/noticias\/wp-content\/uploads\/2023\/02\/prision-768x512.jpg 768w\" sizes=\"auto, (max-width: 800px) 100vw, 800px\" \/><\/figure>\n\n\n\n<p>Siendo el d\u00eda 30 del mes de junio del a\u00f1o 2021, mediante comunicado telef\u00f3nico proveniente del Centro de Comando Unificado, personal de la Seccional 18 del Departamento concurri\u00f3 a una vivienda ubicada en calle 17 metros y Horacio Quiroga, ya que el morador de la misma manifest\u00f3 que su pareja se encontraba fallecida en el lugar.<br>Seguidamente una vez en el punto se entrevistaron con el denunciante, un hombre de 62 a\u00f1os de edad, quien manifest\u00f3 en primera instancia que su concubina de 51 a\u00f1os, padec\u00eda una enfermedad terminal y que no quer\u00eda ser asistida por ello, no sabiendo lo que habr\u00eda sucedido.<br>Continuando con las actuaciones, personal del Departamento de Homicidios, tras<br>haber detectado que la situaci\u00f3n era extra\u00f1a en los relatos del hombre, realizaron varias indagaciones solicitando a la Fiscal\u00eda Letrada la detenci\u00f3n del mismo, constat\u00e1ndose que detr\u00e1s hab\u00eda un inter\u00e9s econ\u00f3mico por parte del indagado, que por tal situaci\u00f3n se determin\u00f3 de forma primaria, que el motivo del crimen fue apoderarse del dinero de la v\u00edctima la cual ten\u00eda depositado en un banco y a su vez otro dinero que ella le hab\u00eda proporcionado para la compra de un veh\u00edculo pocos d\u00edas atr\u00e1s.<br>Cabe se\u00f1alar que la v\u00edctima presentaba una herida de arma de fuego en regi\u00f3n temporal derecha, y su muerte hab\u00eda sido por lo menos 24 horas antes. El hombre debi\u00f3<br>ser asistido por personal m\u00e9dico ya que intent\u00f3 autoeliminarse antes de la llegada de los efectivos, provoc\u00e1ndose cortes en los brazos y dos disparos de arma de fuego en el cr\u00e1neo.<br>En esa instancia el autor fue formalizado por la presunta autor\u00eda de un delito de homicidio muy especialmente agravado por tratarse de un femicidio, debiebdo cumplir<br>180 d\u00edas de prisi\u00f3n efectiva la que posteriormente fue extendida.<br>En la pasada jornada tras la realizaci\u00f3n del Juicio, se le dictamina una sentencia de 28 a\u00f1os y 9 meses de prisi\u00f3n efectiva, imputado como autor penalmente responsable de un delito de homicidio muy especialmente agravado en aplicaci\u00f3n de la agravante muy especial del femicidio.<\/p>\n","protected":false},"excerpt":{"rendered":"<p>Siendo el d\u00eda 30 del mes de junio del a\u00f1o 2021, mediante comunicado telef\u00f3nico proveniente&#8230;<\/p>\n","protected":false},"author":1,"featured_media":9390,"comment_status":"open","ping_status":"open","sticky":false,"template":"","format":"standard","meta":{"_monsterinsights_skip_tracking":false,"_monsterinsights_sitenote_active":false,"_monsterinsights_sitenote_note":"","_monsterinsights_sitenote_category":0,"footnotes":""},"categories":[6],"tags":[],"class_list":["post-9389","post","type-post","status-publish","format-standard","has-post-thumbnail","hentry","category-policial"],"featured_image_urls":{"full":["https:\/\/diariotiempo.com.uy\/noticias\/wp-content\/uploads\/2023\/02\/prision.jpg",800,533,false],"thumbnail":["https:\/\/diariotiempo.com.uy\/noticias\/wp-content\/uploads\/2023\/02\/prision-150x150.jpg",150,150,true],"medium":["https:\/\/diariotiempo.com.uy\/noticias\/wp-content\/uploads\/2023\/02\/prision-300x200.jpg",300,200,true],"medium_large":["https:\/\/diariotiempo.com.uy\/noticias\/wp-content\/uploads\/2023\/02\/prision-768x512.jpg",640,427,true],"large":["https:\/\/diariotiempo.com.uy\/noticias\/wp-content\/uploads\/2023\/02\/prision.jpg",640,426,false],"rpg_gallery_admin_thumb":["https:\/\/diariotiempo.com.uy\/noticias\/wp-content\/uploads\/2023\/02\/prision.jpg",150,100,false],"rpg_gallery_thumb":["https:\/\/diariotiempo.com.uy\/noticias\/wp-content\/uploads\/2023\/02\/prision.jpg",150,100,false],"1536x1536":["https:\/\/diariotiempo.com.uy\/noticias\/wp-content\/uploads\/2023\/02\/prision.jpg",800,533,false],"2048x2048":["https:\/\/diariotiempo.com.uy\/noticias\/wp-content\/uploads\/2023\/02\/prision.jpg",800,533,false],"covernews-slider-full":["https:\/\/diariotiempo.com.uy\/noticias\/wp-content\/uploads\/2023\/02\/prision.jpg",800,533,false],"covernews-slider-center":["https:\/\/diariotiempo.com.uy\/noticias\/wp-content\/uploads\/2023\/02\/prision-800x500.jpg",800,500,true],"covernews-featured":["https:\/\/diariotiempo.com.uy\/noticias\/wp-content\/uploads\/2023\/02\/prision.jpg",800,533,false],"covernews-medium":["https:\/\/diariotiempo.com.uy\/noticias\/wp-content\/uploads\/2023\/02\/prision-540x340.jpg",540,340,true],"covernews-medium-square":["https:\/\/diariotiempo.com.uy\/noticias\/wp-content\/uploads\/2023\/02\/prision-400x250.jpg",400,250,true]},"author_info":{"display_name":"diario","author_link":"https:\/\/diariotiempo.com.uy\/noticias\/author\/diario\/"},"category_info":"<a href=\"https:\/\/diariotiempo.com.uy\/noticias\/category\/policial\/\" rel=\"category tag\">POLICIAL<\/a>","tag_info":"POLICIAL","comment_count":"0","_links":{"self":[{"href":"https:\/\/diariotiempo.com.uy\/noticias\/wp-json\/wp\/v2\/posts\/9389","targetHints":{"allow":["GET"]}}],"collection":[{"href":"https:\/\/diariotiempo.com.uy\/noticias\/wp-json\/wp\/v2\/posts"}],"about":[{"href":"https:\/\/diariotiempo.com.uy\/noticias\/wp-json\/wp\/v2\/types\/post"}],"author":[{"embeddable":true,"href":"https:\/\/diariotiempo.com.uy\/noticias\/wp-json\/wp\/v2\/users\/1"}],"replies":[{"embeddable":true,"href":"https:\/\/diariotiempo.com.uy\/noticias\/wp-json\/wp\/v2\/comments?post=9389"}],"version-history":[{"count":1,"href":"https:\/\/diariotiempo.com.uy\/noticias\/wp-json\/wp\/v2\/posts\/9389\/revisions"}],"predecessor-version":[{"id":9391,"href":"https:\/\/diariotiempo.com.uy\/noticias\/wp-json\/wp\/v2\/posts\/9389\/revisions\/9391"}],"wp:featuredmedia":[{"embeddable":true,"href":"https:\/\/diariotiempo.com.uy\/noticias\/wp-json\/wp\/v2\/media\/9390"}],"wp:attachment":[{"href":"https:\/\/diariotiempo.com.uy\/noticias\/wp-json\/wp\/v2\/media?parent=9389"}],"wp:term":[{"taxonomy":"category","embeddable":true,"href":"https:\/\/diariotiempo.com.uy\/noticias\/wp-json\/wp\/v2\/categories?post=9389"},{"taxonomy":"post_tag","embeddable":true,"href":"https:\/\/diariotiempo.com.uy\/noticias\/wp-json\/wp\/v2\/tags?post=9389"}],"curies":[{"name":"wp","href":"https:\/\/api.w.org\/{rel}","templated":true}]}}