{"id":9413,"date":"2023-02-07T23:01:40","date_gmt":"2023-02-07T23:01:40","guid":{"rendered":"https:\/\/diariotiempo.com.uy\/noticias\/?p=9413"},"modified":"2023-02-07T23:01:41","modified_gmt":"2023-02-07T23:01:41","slug":"transporte-presento-45-camiones-que-se-utilizaran-en-obra-publica-en-todo-el-pais","status":"publish","type":"post","link":"https:\/\/diariotiempo.com.uy\/noticias\/2023\/02\/07\/transporte-presento-45-camiones-que-se-utilizaran-en-obra-publica-en-todo-el-pais\/","title":{"rendered":"Transporte present\u00f3 45 camiones que se utilizar\u00e1n en obra p\u00fablica en todo el pa\u00eds"},"content":{"rendered":"\n<figure class=\"wp-block-image size-full\"><img loading=\"lazy\" decoding=\"async\" width=\"800\" height=\"532\" src=\"https:\/\/diariotiempo.com.uy\/noticias\/wp-content\/uploads\/2023\/02\/CAMIONES.jpg\" alt=\"\" class=\"wp-image-9414\" srcset=\"https:\/\/diariotiempo.com.uy\/noticias\/wp-content\/uploads\/2023\/02\/CAMIONES.jpg 800w, https:\/\/diariotiempo.com.uy\/noticias\/wp-content\/uploads\/2023\/02\/CAMIONES-300x200.jpg 300w, https:\/\/diariotiempo.com.uy\/noticias\/wp-content\/uploads\/2023\/02\/CAMIONES-768x511.jpg 768w\" sizes=\"auto, (max-width: 800px) 100vw, 800px\" \/><\/figure>\n\n\n\n<p>Cada una de las 11 regionales de la Direcci\u00f3n Nacional de Vialidad del Ministerio de Transporte y Obras P\u00fablicas recibir\u00e1n entre cuatro y cinco nuevos camiones como parte de la renovaci\u00f3n de la flota, para lo cual se invirti\u00f3 2.200.000 d\u00f3lares, adelant\u00f3 el titular de esa cartera, Jos\u00e9 Luis Falero. El jerarca expres\u00f3 que el remate de las unidades desafectadas aportar\u00e1n recursos para adquirir veh\u00edculos adicionales.<br>Falero, junto al director nacional de Vialidad, Hern\u00e1n Ciganda, participaron este martes 2 en los talleres de esa repartici\u00f3n en Col\u00f3n, Montevideo, de la presentaci\u00f3n de 45 camiones cero kil\u00f3metro con volcadora y eje sencillo.<br>En declaraciones a la prensa, el titular del ministerio inform\u00f3 que la inversi\u00f3n ascendi\u00f3 a 2.200.000 d\u00f3lares y las unidades ser\u00e1n destinadas a las 11 regionales de la referida direcci\u00f3n en todo el pa\u00eds. Cuatro unidades se destinar\u00e1n a cada una de las regionales, salvo la de Tacuaremb\u00f3, que recibir\u00e1 cinco.<br>Falero agreg\u00f3 que las unidades reemplazar\u00e1n a otras que requieren un elevado costo de mantenimiento, lo cual atenta contra la eficiencia en el gasto, analiz\u00f3. En ese sentido, se\u00f1al\u00f3 que la adquisici\u00f3n fue a trav\u00e9s del mecanismo de licitaci\u00f3n.<br>A su vez, agreg\u00f3 que cada una de las regionales entregar\u00e1 al ministerio los veh\u00edculos que ser\u00e1n dados de baja, a los que la cartera realizar\u00e1 un diagn\u00f3stico que servir\u00e1 para la evaluaci\u00f3n y tasaci\u00f3n previa a su remate. Falero agreg\u00f3 que los recursos obtenidos se utilizar\u00e1n en una ampliaci\u00f3n de la licitaci\u00f3n para adquirir unidades complementarias que permitir\u00e1n un reemplazo significativo de la flota de camiones.<br>Las nuevas unidades contribuir\u00e1n, entre otras tareas, con la iniciativa de \u201cbalastro cero\u201d dispuesto por las autoridades ministeriales que procuran mejorar los 340 kil\u00f3metros de rutas que a\u00fan tienen este material, por tratamientos bituminosos.<\/p>\n","protected":false},"excerpt":{"rendered":"<p>Cada una de las 11 regionales de la Direcci\u00f3n Nacional de Vialidad del Ministerio de&#8230;<\/p>\n","protected":false},"author":1,"featured_media":9414,"comment_status":"open","ping_status":"open","sticky":false,"template":"","format":"standard","meta":{"_monsterinsights_skip_tracking":false,"_monsterinsights_sitenote_active":false,"_monsterinsights_sitenote_note":"","_monsterinsights_sitenote_category":0,"footnotes":""},"categories":[4],"tags":[],"class_list":["post-9413","post","type-post","status-publish","format-standard","has-post-thumbnail","hentry","category-departamental"],"featured_image_urls":{"full":["https:\/\/diariotiempo.com.uy\/noticias\/wp-content\/uploads\/2023\/02\/CAMIONES.jpg",800,532,false],"thumbnail":["https:\/\/diariotiempo.com.uy\/noticias\/wp-content\/uploads\/2023\/02\/CAMIONES-150x150.jpg",150,150,true],"medium":["https:\/\/diariotiempo.com.uy\/noticias\/wp-content\/uploads\/2023\/02\/CAMIONES-300x200.jpg",300,200,true],"medium_large":["https:\/\/diariotiempo.com.uy\/noticias\/wp-content\/uploads\/2023\/02\/CAMIONES-768x511.jpg",640,426,true],"large":["https:\/\/diariotiempo.com.uy\/noticias\/wp-content\/uploads\/2023\/02\/CAMIONES.jpg",640,426,false],"rpg_gallery_admin_thumb":["https:\/\/diariotiempo.com.uy\/noticias\/wp-content\/uploads\/2023\/02\/CAMIONES.jpg",150,100,false],"rpg_gallery_thumb":["https:\/\/diariotiempo.com.uy\/noticias\/wp-content\/uploads\/2023\/02\/CAMIONES.jpg",150,100,false],"1536x1536":["https:\/\/diariotiempo.com.uy\/noticias\/wp-content\/uploads\/2023\/02\/CAMIONES.jpg",800,532,false],"2048x2048":["https:\/\/diariotiempo.com.uy\/noticias\/wp-content\/uploads\/2023\/02\/CAMIONES.jpg",800,532,false],"covernews-slider-full":["https:\/\/diariotiempo.com.uy\/noticias\/wp-content\/uploads\/2023\/02\/CAMIONES.jpg",800,532,false],"covernews-slider-center":["https:\/\/diariotiempo.com.uy\/noticias\/wp-content\/uploads\/2023\/02\/CAMIONES-800x500.jpg",800,500,true],"covernews-featured":["https:\/\/diariotiempo.com.uy\/noticias\/wp-content\/uploads\/2023\/02\/CAMIONES.jpg",800,532,false],"covernews-medium":["https:\/\/diariotiempo.com.uy\/noticias\/wp-content\/uploads\/2023\/02\/CAMIONES-540x340.jpg",540,340,true],"covernews-medium-square":["https:\/\/diariotiempo.com.uy\/noticias\/wp-content\/uploads\/2023\/02\/CAMIONES-400x250.jpg",400,250,true]},"author_info":{"display_name":"diario","author_link":"https:\/\/diariotiempo.com.uy\/noticias\/author\/diario\/"},"category_info":"<a href=\"https:\/\/diariotiempo.com.uy\/noticias\/category\/departamental\/\" rel=\"category tag\">DEPARTAMENTAL<\/a>","tag_info":"DEPARTAMENTAL","comment_count":"0","_links":{"self":[{"href":"https:\/\/diariotiempo.com.uy\/noticias\/wp-json\/wp\/v2\/posts\/9413","targetHints":{"allow":["GET"]}}],"collection":[{"href":"https:\/\/diariotiempo.com.uy\/noticias\/wp-json\/wp\/v2\/posts"}],"about":[{"href":"https:\/\/diariotiempo.com.uy\/noticias\/wp-json\/wp\/v2\/types\/post"}],"author":[{"embeddable":true,"href":"https:\/\/diariotiempo.com.uy\/noticias\/wp-json\/wp\/v2\/users\/1"}],"replies":[{"embeddable":true,"href":"https:\/\/diariotiempo.com.uy\/noticias\/wp-json\/wp\/v2\/comments?post=9413"}],"version-history":[{"count":1,"href":"https:\/\/diariotiempo.com.uy\/noticias\/wp-json\/wp\/v2\/posts\/9413\/revisions"}],"predecessor-version":[{"id":9415,"href":"https:\/\/diariotiempo.com.uy\/noticias\/wp-json\/wp\/v2\/posts\/9413\/revisions\/9415"}],"wp:featuredmedia":[{"embeddable":true,"href":"https:\/\/diariotiempo.com.uy\/noticias\/wp-json\/wp\/v2\/media\/9414"}],"wp:attachment":[{"href":"https:\/\/diariotiempo.com.uy\/noticias\/wp-json\/wp\/v2\/media?parent=9413"}],"wp:term":[{"taxonomy":"category","embeddable":true,"href":"https:\/\/diariotiempo.com.uy\/noticias\/wp-json\/wp\/v2\/categories?post=9413"},{"taxonomy":"post_tag","embeddable":true,"href":"https:\/\/diariotiempo.com.uy\/noticias\/wp-json\/wp\/v2\/tags?post=9413"}],"curies":[{"name":"wp","href":"https:\/\/api.w.org\/{rel}","templated":true}]}}