{"id":9418,"date":"2023-02-07T23:03:24","date_gmt":"2023-02-07T23:03:24","guid":{"rendered":"https:\/\/diariotiempo.com.uy\/noticias\/?p=9418"},"modified":"2023-02-07T23:03:25","modified_gmt":"2023-02-07T23:03:25","slug":"sucesion-33","status":"publish","type":"post","link":"https:\/\/diariotiempo.com.uy\/noticias\/2023\/02\/07\/sucesion-33\/","title":{"rendered":"SUCESI\u00d3N"},"content":{"rendered":"\n<p>JUZGADO LETRADO DE ATL\u00c1NTIDA DE 2\u00ba<br>TURNO<\/p>\n\n\n\n<p>EDICTO: Por disposici\u00f3n del Sr\/a. Juez Letrado de Atl\u00e1ntida de 2\u00b0 Turno, dictada en autos: \u00abGRIGA MAKASKAITE,MAX. SUCESI\u00d3N\u00bb IUE 526-485\/2020, se cita, llama y emplaza al Sr\/a ANDREA LANINA GRIGA SZOSTAK Y PAULO ANDRES GRIGA SZOSTAK a que comparezca a manifestar si acepta\/n o repudia\/n la herencia del causante MAX GRIGA MAKASKAITE, por el t\u00e9rmino de 40 d\u00edas, a deducir en forma sus derechos. Atl\u00e1ntida, 23 de noviembre de 2022. Firmado electronicamente por Andrea Prattes Diez. Actuario. 30 pub. del 06\/02\/2023 al 17\/02\/2023<\/p>\n\n\n\n<p>JUZGADO LETRADO DE PANDO DE 3\u00ba TURNO<\/p>\n\n\n\n<p>EDICTO: Por disposici\u00f3n del Sr\/a. Juez Letrado de Pando de 3\u00b0 Turno, dictada en autos: \u00abLAZARINI FIGUEREDO, ESTELA. SUCESION. FAMILIA.\u00bb\u00bb IUE 175-410\/2022, se dispuso la apertura de la sucesi\u00f3n del causante\/s Estela Lazarini Figueredo., emplaz\u00e1ndose por edictos a herederos, acreedores y dem\u00e1s interesados para que comparezcan por el t\u00e9rmino de 30 d\u00edas, a deducir en forma sus derechos. Pando, 09 de diciembre de 2022 Firmado electronicamente por Lorena Falabella Valetti. Actuario Adjunto .- 10 pub. de 22\/12 a 10\/2\/2023<\/p>\n\n\n\n<p>JUZGADO LETRADO DE PANDO DE 3\u00ba TURNO<\/p>\n\n\n\n<p>EDICTO: Por disposici\u00f3n del Sr\/a. Juez Letrado de Pando de 3\u00b0 Turno dictada en autos: \u00abLUISSI DALESSANDRO JULIO. SUCESION. FAMILIA\u00bb IUE 2-63596\/2022, se dispuso la apertura de la sucesi\u00f3n del causante\/s Julio Cesar Luissi Dalessandro, emplaz\u00e1ndose por edictos a herederos, acreedores y dem\u00e1s interesados para que comparezcan por el t\u00e9rmino de 30 d\u00edas, a deducir en forma sus derechos. Pando, 14 de diciembre de 2022<br>Firmado electronicamente por Lorena Falabella Valetti. Actuario Adjunto .- 10 pub. de 22\/12 a 10\/2\/2023<\/p>\n\n\n\n<p>JUZGADO LETRADO<br>DE CIUDAD DE LA<br>COSTA DE 2\u00ba TURNO<\/p>\n\n\n\n<p>EDICTO- Por disposici\u00f3n del Sr\/a. Juez Letrado de Ciudad de la Costa de 2\u00b0 Turno, dictada en autos: \u00abRODINO MONIKA SUCESION\u00bb IUE 2-63758\/2022, se dispuso la apertura de la sucesi\u00f3n del causante\/s Monika Mar\u00eda Rodino Villar, emplaz\u00e1ndose por edictos a herederos, acreedores y dem\u00e1s interesados para que comparezcan por el t\u00e9rmino de 30 d\u00edas, a deducir en forma sus derechos. Ciudad de la Costa, 01 de diciembre de 2022 Firmado electronicamente por Maria Carolina Reyes Carcavallo. Actuario Adjunto .- 10 pub. de 20\/12 a 8\/2\/2023.<\/p>\n\n\n\n<p>HERENCIA YACENTE<\/p>\n\n\n\n<p>JUZGADO LETRADO<br>DE ATL\u00c1NTIDA DE 2\u00ba<br>TURNO<\/p>\n\n\n\n<p>EDICTO: Por disposici\u00f3n del Sr\/a. Juez Letrado de Atl\u00e1ntida de 2\u00b0 Turno, dictada en autos: \u00abBEZMERTNEY GORDIENKO, EDITH LEONOR. HERENCIA YACENTE\u00bb IUE 526- 116\/2021, se hace saber que por auto 3346\/2022, se dispuso la apertura de la sucesi\u00f3n denunciada como yacente de la sucesi\u00f3n de EDITH LEONOR BEZMERTNEY GORDIENKO, emplaz\u00e1ndose por edictos a herederos, acreedores y dem\u00e1s interesados para que comparezcan por el t\u00e9rmino de 30 d\u00edas, a deducir en forma sus derechos (art\u00edculo 429.2 C.G.P.). Atl\u00e1ntida, 17 de noviembre de 2022 Firmado electronicamente por Andrea Prattes Diez. Actuario. 30 pub. del 28\/11\/2022 al 14\/02\/2023<\/p>\n\n\n\n<p>INCAPACIDAD<\/p>\n\n\n\n<p>JUZGADO LETRADO DE PANDO DE 3\u00ba TURNO<\/p>\n\n\n\n<p>EDICTO: Por disposici\u00f3n del Sr\/a. Juez Letrado de Pando de 3\u00b0 Turno en autos: \u00abARAUJO DE OLIVERA, LUCIANO RAFAEL &#8211; INCAPACIDAD &#8211; FAMILIA\u00bb, IUE 175-167\/2022 , se hace saber que por Resoluci\u00f3n N\u00b0 5573\/2022 de fecha 09\/11\/2022, se declar\u00f3 en estado de incapacidad a Luciano Rafael Ara\u00fajo de Olivera, design\u00e1ndose curador\/a definitivo\/a al\/a Sr\/a. Andrea Lorena De Olivera, quien acept\u00f3 el cargo el 09\/11\/2022. Se deja constancia que las presentes actuaciones son patrocinadas por Defensor\u00eda de Oficio. Pando, 23 de noviembre de 2022<br>Firmado electronicamente por Lorena Falabella Valetti Actuario Adjunto . 10 pub. de 06\/02\/2023 a 17\/2\/2023.<\/p>\n\n\n\n<p>PRESCRIPCI\u00d3N<br>ADQUISITIVA<\/p>\n\n\n\n<p>JUZGADO DE PAZ<br>DEPARTAMENTAL DE ATL\u00c1NTIDA<\/p>\n\n\n\n<p>EDICTO Por disposici\u00f3n del Sr\/a. Juez de Paz Departamental de Atl\u00e1ntida en autos: \u00abDA SILVA RAMOS, CELSO y otro &#8211; PRESCRIPCI\u00d3N ADQUISITIVA BIEN INMUEBLE\u00bb, IUE 2-62635\/2022, y seg\u00fan providencia N\u00ba 3044 de fecha 16\/11\/2022, se cita, llama y emplaza por el t\u00e9rmino de 90 d\u00edas a todos los que se consideren con derechos y especialmente al \u00faltimo titular Miguel Alberto Griego Lopez y\/o sucesores y sus sucesores a cualquier t\u00edtulo sobre el padr\u00f3n N\u00ba 3111 de la 23\u00aa Secci\u00f3n Judicial de Canelones, localidad catastral Santa Ana, que seg\u00fan plano del agrimensor Carlos Furriol, inscripto en catastro con el N\u00ba 8 del 1937, tiene una superficie de 432 (cuatrocientos treinta y dos) metros cuadrados se deslinda as\u00ed: Al noreste once metros cuadrados con noventa y seis decimetros cuadrados (11,96) de frente a la calle n\u00famero 18. Al sureste treinta y cinco metros cuadrados con noventa y seis dec\u00edmetros cuadrados (35,96) con la totalidad del padr\u00f3n 3113 solar 24. Al suroeste once metros cuadrados con noventa y ocho decimetros cuadrados (11,98) con la totalidad de padr\u00f3n 3110 solar 21 por plano de mensura. Al noroeste treinta y cinco metros cuadrados con setenta y cuatro dec\u00edmetros cuadrados (35,74) con padr\u00f3n 3109 solar 20; bajo apercibimiento de design\u00e1rseles Defensor de Oficio.Atl\u00e1ntida, 28 de noviembre de 2022. Florencia Sondorreguy Ferreira. Juez de Paz Departamental. Int.<br>10 pub. de 20\/12 a 8\/2\/2023.<\/p>\n\n\n\n<p>EDICTO: Por disposici\u00f3n del Sr\/a. Juez de Paz Departamental de Atl\u00e1ntida en autos: \u00bb CROCI CUOZZI, CECILIA Y OTROS PRESCRIPCION ADQUISITIVA\u00bb, IUE 487- 2244\/2021, y seg\u00fan providencia N\u00ba 2324\/2022 de fecha 12\/09\/2022, se cita, llama y emplaza por el t\u00e9rmino de 90 d\u00edas a todos los que se consideren con derechos y especialmente al \u00faltimo titular Mar\u00eda Teresita Fern\u00e1ndez y sus sucesores a cualquier t\u00edtulo sobre el padr\u00f3n N\u00ba 17718 de la 18\u00aa Secci\u00f3n Judicial de Canelones, localidad catastral Zona Rural Paraje Sol\u00eds Chico, Canelones, que seg\u00fan plano del agrimensor Carlos D. Furriol, inscripto en catastro con el N\u00ba 917 del 2019, tiene una superficie de cinco hectareas nueve mil treinta metros con cuarenta y ocho dec\u00edmetros se deslinda as\u00ed: 114 metros 30 cent\u00edmetros al Noroeste de frente a servidumbre de paso de 14 metros de ancho que sale a Ruta 11 por medio de propiedad de Eugenio Mario Flebe, 518 metros 20 cent\u00edmetros con propiedad de Ediardo Genta, 114 metros con 30 cent\u00edmetros con Sara G. de Sosa D\u00edaz y 517 metros con 20 cent\u00edmetros con propiedad de Carlos Mar\u00eda Dominguez, Reineri Pichella y Robustina Rodriguez; bajo apercibimiento de design\u00e1rseles Defensor de Oficio. Atl\u00e1ntida, 03 de noviembre de 2022 Firmado electronicamente por Florencia Sorrondeguy Ferreira. 10 pub. del 15\/12 al 6\/2\/2023<\/p>\n\n\n\n<p>MATRIMONIO<\/p>\n\n\n\n<p>Se publican los edictos de matrimonio de las distintas oficinas de Registro Civil a los efectos de que los que supieren alg\u00fan impedimento para los matrimonios proyectados denuncien por escrito haciendo conocer las causas ante las oficinas respectivas.<\/p>\n\n\n\n<p>BARROS BLANCOS<br>OFICINA N\u00ba 407<\/p>\n\n\n\n<p>En Barros Blancos, Canelones el d\u00eda 2 de Febrero de 2023 a las 12:25 horas, a petici\u00f3n de los interesados hago saber que han proyectado unirse en matrimonio: YANETTE DAHIANARA LIMA ROMERO c\u00e9dula de identidad 47319220 nacido\/a en Uruguay, de nacionalidad uruguaya, de 28 a\u00f1os de edad, de estado civil soltera, de profesi\u00f3n empleada, domiciliada en Senda F55, Barros Blancos, Canelones. SILVIO GABRIEL ASTRADA SASIA, c\u00e9dula de identidad 44649460, nacido\/o en Uruguay, de nacionalidad uruguayo, de 30 a\u00f1os de edad, de estado civil soltero, de profesi\u00f3n empleado, domiciliado en Senda F 55, Barros Blancos, Canelones. En fe de lo cual intimo a los que supieren de alg\u00fan impedimento para el matrimonio proyectado denuncien por escrito ante esta Oficina haciendo conocer las causas. Y lo firmo para que sea fijado en la puerta de esta Oficina por espacio de 8 d\u00edas como lo manda la ley. Documento firmado por Juli\u00e1n Rocha, Oficial de Estado Civil 3 pub. del 7\/2 a 9\/2\/23.<\/p>\n\n\n\n<p>PANDO<br>OFICINA N\u00ba 418<\/p>\n\n\n\n<p>En Pando, Canelones el d\u00eda 2 de Febrero de 2023 a las 11:09 horas, a petici\u00f3n de los interesados hago saber que han proyectado unirse en matrimonio: MAYELLI JAZMIN DEL PUERTO SANTOS c\u00e9dula de identidad 55859535 nacido\/a en Uruguay, de nacionalidad uruguaya, de 20 a\u00f1os de edad, de estado civil soltera, de profesi\u00f3n Ama de casa, domiciliada en 6, Pando, Canelones. EDGARDO ALEXANDER PAJARES QUINTEROS, c\u00e9dula de identidad 54203442, nacido\/o en Uruguay, de nacionalidad uruguayo, de 22 a\u00f1os de edad, de estado civil soltero, de profesi\u00f3n empleado, domiciliado en 6, Pando, Canelones. En fe de lo cual intimo a los que supieren de alg\u00fan impedimento para el matrimonio proyectado denuncien por escrito ante esta Oficina haciendo conocer las causas. Y lo firmo para que sea fijado en la puerta de esta Oficina por espacio de 8 d\u00edas como lo manda la ley. Documento firmado por Daysi P\u00e9rez, Oficial de Estado Civil. 3 pub. del 7\/2 a 9\/2\/23<\/p>\n\n\n\n<pre class=\"wp-block-code\"><code>     SOCIEDAD DE<\/code><\/pre>\n\n\n\n<p>RESPONSABILIDAD LIMITADA<br>\u00abMULTI FORESTAL S.R.L.\u00bb<br>Cesi\u00f3n de cuotas sociales y cambio administraci\u00f3n<br>Cesi\u00f3n 8\/12\/2022<br>N\u00ba 22584 28\/12\/2022<br>Cedentes: Daniel MEDINA HERNANDEZ (25 cuotas), Eduardo Cipriano MEDINA HERNANDEZ (25 cuotas)<br>Cesionario: Edison Jos\u00e9 MARTIN CLAVIJO (50 cuotas)<br>Integraci\u00f3n: Daniel MEDINA HERNANDEZ (25 cuotas), Eduardo Cipriano MEDINA HERNANDEZ (25 cuotas), Edison Jos\u00e9 MARTIN CLAVIJO (50 cuotas)<br>Administraci\u00f3n y representaci\u00f3n: Eduardo Cipriano MEDINA HERNANDEZ o Edison Jos\u00e9 MARTIN CLAVIJO indistintamente.<\/p>\n\n\n\n<p>6-2-2023. $2.458 -1 pub.<\/p>\n","protected":false},"excerpt":{"rendered":"<p>JUZGADO LETRADO DE ATL\u00c1NTIDA DE 2\u00baTURNO EDICTO: Por disposici\u00f3n del Sr\/a. Juez Letrado de Atl\u00e1ntida&#8230;<\/p>\n","protected":false},"author":1,"featured_media":1819,"comment_status":"open","ping_status":"open","sticky":false,"template":"","format":"standard","meta":{"_monsterinsights_skip_tracking":false,"_monsterinsights_sitenote_active":false,"_monsterinsights_sitenote_note":"","_monsterinsights_sitenote_category":0,"footnotes":""},"categories":[27],"tags":[],"class_list":["post-9418","post","type-post","status-publish","format-standard","has-post-thumbnail","hentry","category-edictos"],"featured_image_urls":{"full":["https:\/\/diariotiempo.com.uy\/noticias\/wp-content\/uploads\/2021\/09\/judicial.jpg",800,416,false],"thumbnail":["https:\/\/diariotiempo.com.uy\/noticias\/wp-content\/uploads\/2021\/09\/judicial-150x150.jpg",150,150,true],"medium":["https:\/\/diariotiempo.com.uy\/noticias\/wp-content\/uploads\/2021\/09\/judicial-300x156.jpg",300,156,true],"medium_large":["https:\/\/diariotiempo.com.uy\/noticias\/wp-content\/uploads\/2021\/09\/judicial-768x399.jpg",640,333,true],"large":["https:\/\/diariotiempo.com.uy\/noticias\/wp-content\/uploads\/2021\/09\/judicial.jpg",640,333,false],"rpg_gallery_admin_thumb":["https:\/\/diariotiempo.com.uy\/noticias\/wp-content\/uploads\/2021\/09\/judicial.jpg",150,78,false],"rpg_gallery_thumb":["https:\/\/diariotiempo.com.uy\/noticias\/wp-content\/uploads\/2021\/09\/judicial.jpg",150,78,false],"1536x1536":["https:\/\/diariotiempo.com.uy\/noticias\/wp-content\/uploads\/2021\/09\/judicial.jpg",800,416,false],"2048x2048":["https:\/\/diariotiempo.com.uy\/noticias\/wp-content\/uploads\/2021\/09\/judicial.jpg",800,416,false],"covernews-slider-full":["https:\/\/diariotiempo.com.uy\/noticias\/wp-content\/uploads\/2021\/09\/judicial.jpg",800,416,false],"covernews-slider-center":["https:\/\/diariotiempo.com.uy\/noticias\/wp-content\/uploads\/2021\/09\/judicial.jpg",800,416,false],"covernews-featured":["https:\/\/diariotiempo.com.uy\/noticias\/wp-content\/uploads\/2021\/09\/judicial.jpg",800,416,false],"covernews-medium":["https:\/\/diariotiempo.com.uy\/noticias\/wp-content\/uploads\/2021\/09\/judicial-540x340.jpg",540,340,true],"covernews-medium-square":["https:\/\/diariotiempo.com.uy\/noticias\/wp-content\/uploads\/2021\/09\/judicial-400x250.jpg",400,250,true]},"author_info":{"display_name":"diario","author_link":"https:\/\/diariotiempo.com.uy\/noticias\/author\/diario\/"},"category_info":"<a href=\"https:\/\/diariotiempo.com.uy\/noticias\/category\/publicaciones\/edictos\/\" rel=\"category tag\">Edictos<\/a>","tag_info":"Edictos","comment_count":"0","_links":{"self":[{"href":"https:\/\/diariotiempo.com.uy\/noticias\/wp-json\/wp\/v2\/posts\/9418","targetHints":{"allow":["GET"]}}],"collection":[{"href":"https:\/\/diariotiempo.com.uy\/noticias\/wp-json\/wp\/v2\/posts"}],"about":[{"href":"https:\/\/diariotiempo.com.uy\/noticias\/wp-json\/wp\/v2\/types\/post"}],"author":[{"embeddable":true,"href":"https:\/\/diariotiempo.com.uy\/noticias\/wp-json\/wp\/v2\/users\/1"}],"replies":[{"embeddable":true,"href":"https:\/\/diariotiempo.com.uy\/noticias\/wp-json\/wp\/v2\/comments?post=9418"}],"version-history":[{"count":1,"href":"https:\/\/diariotiempo.com.uy\/noticias\/wp-json\/wp\/v2\/posts\/9418\/revisions"}],"predecessor-version":[{"id":9419,"href":"https:\/\/diariotiempo.com.uy\/noticias\/wp-json\/wp\/v2\/posts\/9418\/revisions\/9419"}],"wp:featuredmedia":[{"embeddable":true,"href":"https:\/\/diariotiempo.com.uy\/noticias\/wp-json\/wp\/v2\/media\/1819"}],"wp:attachment":[{"href":"https:\/\/diariotiempo.com.uy\/noticias\/wp-json\/wp\/v2\/media?parent=9418"}],"wp:term":[{"taxonomy":"category","embeddable":true,"href":"https:\/\/diariotiempo.com.uy\/noticias\/wp-json\/wp\/v2\/categories?post=9418"},{"taxonomy":"post_tag","embeddable":true,"href":"https:\/\/diariotiempo.com.uy\/noticias\/wp-json\/wp\/v2\/tags?post=9418"}],"curies":[{"name":"wp","href":"https:\/\/api.w.org\/{rel}","templated":true}]}}