{"id":9435,"date":"2023-02-08T12:50:41","date_gmt":"2023-02-08T12:50:41","guid":{"rendered":"https:\/\/diariotiempo.com.uy\/noticias\/?p=9435"},"modified":"2023-02-08T12:50:42","modified_gmt":"2023-02-08T12:50:42","slug":"la-5-edicion-de-la-escuela-de-verano-de-ceibal-formara-a-3-800-docentes","status":"publish","type":"post","link":"https:\/\/diariotiempo.com.uy\/noticias\/2023\/02\/08\/la-5-edicion-de-la-escuela-de-verano-de-ceibal-formara-a-3-800-docentes\/","title":{"rendered":"La 5\u00b0 edici\u00f3n de la Escuela de Verano de Ceibal formar\u00e1 a 3.800 docentes"},"content":{"rendered":"\n<figure class=\"wp-block-image size-full\"><img loading=\"lazy\" decoding=\"async\" width=\"755\" height=\"390\" src=\"https:\/\/diariotiempo.com.uy\/noticias\/wp-content\/uploads\/2023\/02\/escuela-verano.jpg\" alt=\"\" class=\"wp-image-9436\" srcset=\"https:\/\/diariotiempo.com.uy\/noticias\/wp-content\/uploads\/2023\/02\/escuela-verano.jpg 755w, https:\/\/diariotiempo.com.uy\/noticias\/wp-content\/uploads\/2023\/02\/escuela-verano-300x155.jpg 300w\" sizes=\"auto, (max-width: 755px) 100vw, 755px\" \/><\/figure>\n\n\n\n<p>Pensamiento computacional, educaci\u00f3n emocional, educaci\u00f3n inclusiva, lengua y competencias docentes son los ejes tem\u00e1ticos que se abordar\u00e1n en las conferencias y talleres a cargo de personas expertas a nivel nacional e internacional en la 5\u00b0 edici\u00f3n de la Escuela de Verano de Ceibal, que se extender\u00e1 hasta el 10 de febrero.<\/p>\n\n\n\n<p>Este lunes 6 de febrero comienza la quinta edici\u00f3n de la Escuela de Verano Ceibal, dirigida a docentes y estudiantes de formaci\u00f3n docente, que se desarrollar\u00e1 en el LATU hasta el 10 febrero. Las principales actividades se podr\u00e1n seguir v\u00eda streaming. Cabe destacar que la actividad fue declarada de inter\u00e9s por la Direcci\u00f3n Nacional de Educaci\u00f3n T\u00e9cnico-Profesional (UTU) de la ANEP.<\/p>\n\n\n\n<p>El foco de este a\u00f1o estar\u00e1 puesto en el desarrollo profesional docente con plataformas, herramientas, actividades y otros recursos de aprendizaje. Entre las conferencias, se destaca la participaci\u00f3n del espa\u00f1ol Carlos Magro, presidente de la Asociaci\u00f3n Educaci\u00f3n Abierta, que disertar\u00e1 sobre los desaf\u00edos de las escuelas en la actualidad; y la conferencia sobre competencia docente para el mundo digital, a cargo de la doctora en Tecnolog\u00eda Educativa Linda Casta\u00f1eda, profesora y pedagoga de la Universidad de Murcia.<\/p>\n\n\n\n<p>Tambi\u00e9n se ofrecer\u00e1 un eje especial de educaci\u00f3n emocional, en el que se presentar\u00e1 la estrategia de Ceibal vinculada a bienestar y convivencia, competencias emocionales en la docencia y lectura ecu\u00e1nime. En este contexto, participar\u00e1 en modalidad virtual el presidente de la Red Internacional de Educaci\u00f3n Emocional y Bienestar, Rafael Bisquerra, con la conferencia \u201cCompetencias emocionales en la docencia\u201d.<\/p>\n\n\n\n<p>En tanto, en materia de educaci\u00f3n inclusiva, se desarrollar\u00e1n dos tertulias: una con foco en el abordaje de la comunicaci\u00f3n y los aprendizajes superiores; y otra sobre educaci\u00f3n art\u00edstica inclusiva.<\/p>\n\n\n\n<p>Adem\u00e1s, se presentar\u00e1 el libro Ciencias de la computaci\u00f3n en la escuela y se reflexionar\u00e1 acerca de la implementaci\u00f3n de la ense\u00f1anza de pensamiento computacional en bachillerato, entre otras actividades.<\/p>\n\n\n\n<p>La Escuela de Verano de Ceibal es un espacio de formaci\u00f3n permanente que re\u00fane distintas actividades orientadas a la experiencia reflexiva y creativa. De esta forma, se busca aportar al desarrollo profesional docente, la planificaci\u00f3n y la innovaci\u00f3n educativa.<\/p>\n\n\n\n<p>El prop\u00f3sito de la Escuela de Verano es que cada docente tome ideas y propuestas concretas para implementar a lo largo del a\u00f1o, as\u00ed como intercambiar y construir redes con otras personas vinculadas a la educaci\u00f3n.<\/p>\n","protected":false},"excerpt":{"rendered":"<p>Pensamiento computacional, educaci\u00f3n emocional, educaci\u00f3n inclusiva, lengua y competencias docentes son los ejes tem\u00e1ticos que&#8230;<\/p>\n","protected":false},"author":1,"featured_media":9436,"comment_status":"open","ping_status":"open","sticky":false,"template":"","format":"standard","meta":{"_monsterinsights_skip_tracking":false,"_monsterinsights_sitenote_active":false,"_monsterinsights_sitenote_note":"","_monsterinsights_sitenote_category":0,"footnotes":""},"categories":[79],"tags":[],"class_list":["post-9435","post","type-post","status-publish","format-standard","has-post-thumbnail","hentry","category-nacionales"],"featured_image_urls":{"full":["https:\/\/diariotiempo.com.uy\/noticias\/wp-content\/uploads\/2023\/02\/escuela-verano.jpg",755,390,false],"thumbnail":["https:\/\/diariotiempo.com.uy\/noticias\/wp-content\/uploads\/2023\/02\/escuela-verano-150x150.jpg",150,150,true],"medium":["https:\/\/diariotiempo.com.uy\/noticias\/wp-content\/uploads\/2023\/02\/escuela-verano-300x155.jpg",300,155,true],"medium_large":["https:\/\/diariotiempo.com.uy\/noticias\/wp-content\/uploads\/2023\/02\/escuela-verano.jpg",640,331,false],"large":["https:\/\/diariotiempo.com.uy\/noticias\/wp-content\/uploads\/2023\/02\/escuela-verano.jpg",640,331,false],"rpg_gallery_admin_thumb":["https:\/\/diariotiempo.com.uy\/noticias\/wp-content\/uploads\/2023\/02\/escuela-verano.jpg",150,77,false],"rpg_gallery_thumb":["https:\/\/diariotiempo.com.uy\/noticias\/wp-content\/uploads\/2023\/02\/escuela-verano.jpg",150,77,false],"1536x1536":["https:\/\/diariotiempo.com.uy\/noticias\/wp-content\/uploads\/2023\/02\/escuela-verano.jpg",755,390,false],"2048x2048":["https:\/\/diariotiempo.com.uy\/noticias\/wp-content\/uploads\/2023\/02\/escuela-verano.jpg",755,390,false],"covernews-slider-full":["https:\/\/diariotiempo.com.uy\/noticias\/wp-content\/uploads\/2023\/02\/escuela-verano.jpg",755,390,false],"covernews-slider-center":["https:\/\/diariotiempo.com.uy\/noticias\/wp-content\/uploads\/2023\/02\/escuela-verano.jpg",755,390,false],"covernews-featured":["https:\/\/diariotiempo.com.uy\/noticias\/wp-content\/uploads\/2023\/02\/escuela-verano.jpg",755,390,false],"covernews-medium":["https:\/\/diariotiempo.com.uy\/noticias\/wp-content\/uploads\/2023\/02\/escuela-verano-540x340.jpg",540,340,true],"covernews-medium-square":["https:\/\/diariotiempo.com.uy\/noticias\/wp-content\/uploads\/2023\/02\/escuela-verano-400x250.jpg",400,250,true]},"author_info":{"display_name":"diario","author_link":"https:\/\/diariotiempo.com.uy\/noticias\/author\/diario\/"},"category_info":"<a href=\"https:\/\/diariotiempo.com.uy\/noticias\/category\/nacionales\/\" rel=\"category tag\">NACIONALES<\/a>","tag_info":"NACIONALES","comment_count":"0","_links":{"self":[{"href":"https:\/\/diariotiempo.com.uy\/noticias\/wp-json\/wp\/v2\/posts\/9435","targetHints":{"allow":["GET"]}}],"collection":[{"href":"https:\/\/diariotiempo.com.uy\/noticias\/wp-json\/wp\/v2\/posts"}],"about":[{"href":"https:\/\/diariotiempo.com.uy\/noticias\/wp-json\/wp\/v2\/types\/post"}],"author":[{"embeddable":true,"href":"https:\/\/diariotiempo.com.uy\/noticias\/wp-json\/wp\/v2\/users\/1"}],"replies":[{"embeddable":true,"href":"https:\/\/diariotiempo.com.uy\/noticias\/wp-json\/wp\/v2\/comments?post=9435"}],"version-history":[{"count":1,"href":"https:\/\/diariotiempo.com.uy\/noticias\/wp-json\/wp\/v2\/posts\/9435\/revisions"}],"predecessor-version":[{"id":9437,"href":"https:\/\/diariotiempo.com.uy\/noticias\/wp-json\/wp\/v2\/posts\/9435\/revisions\/9437"}],"wp:featuredmedia":[{"embeddable":true,"href":"https:\/\/diariotiempo.com.uy\/noticias\/wp-json\/wp\/v2\/media\/9436"}],"wp:attachment":[{"href":"https:\/\/diariotiempo.com.uy\/noticias\/wp-json\/wp\/v2\/media?parent=9435"}],"wp:term":[{"taxonomy":"category","embeddable":true,"href":"https:\/\/diariotiempo.com.uy\/noticias\/wp-json\/wp\/v2\/categories?post=9435"},{"taxonomy":"post_tag","embeddable":true,"href":"https:\/\/diariotiempo.com.uy\/noticias\/wp-json\/wp\/v2\/tags?post=9435"}],"curies":[{"name":"wp","href":"https:\/\/api.w.org\/{rel}","templated":true}]}}