{"id":9473,"date":"2023-02-10T13:44:37","date_gmt":"2023-02-10T13:44:37","guid":{"rendered":"https:\/\/diariotiempo.com.uy\/noticias\/?p=9473"},"modified":"2023-02-11T12:25:32","modified_gmt":"2023-02-11T12:25:32","slug":"miles-de-personas-disfrutaron-de-julieta-rada-jaime-roos-y-los-musicos-urbanos-trueno-clipper-y-peke-77","status":"publish","type":"post","link":"https:\/\/diariotiempo.com.uy\/noticias\/2023\/02\/10\/miles-de-personas-disfrutaron-de-julieta-rada-jaime-roos-y-los-musicos-urbanos-trueno-clipper-y-peke-77\/","title":{"rendered":"Miles de personas disfrutaron de Julieta Rada, Jaime Roos y los m\u00fasicos urbanos Trueno, Clipper y Peke 77"},"content":{"rendered":"\n<figure class=\"wp-block-gallery has-nested-images columns-default is-cropped wp-block-gallery-1 is-layout-flex wp-block-gallery-is-layout-flex\">\n<figure class=\"wp-block-image size-large\"><img loading=\"lazy\" decoding=\"async\" width=\"800\" height=\"534\" data-id=\"9474\" src=\"https:\/\/diariotiempo.com.uy\/noticias\/wp-content\/uploads\/2023\/02\/jaime.jpg\" alt=\"\" class=\"wp-image-9474\" srcset=\"https:\/\/diariotiempo.com.uy\/noticias\/wp-content\/uploads\/2023\/02\/jaime.jpg 800w, https:\/\/diariotiempo.com.uy\/noticias\/wp-content\/uploads\/2023\/02\/jaime-300x200.jpg 300w, https:\/\/diariotiempo.com.uy\/noticias\/wp-content\/uploads\/2023\/02\/jaime-768x513.jpg 768w\" sizes=\"auto, (max-width: 800px) 100vw, 800px\" \/><\/figure>\n\n\n\n<figure class=\"wp-block-image size-large\"><img loading=\"lazy\" decoding=\"async\" width=\"800\" height=\"533\" data-id=\"9475\" src=\"https:\/\/diariotiempo.com.uy\/noticias\/wp-content\/uploads\/2023\/02\/trueno-tres.jpg\" alt=\"\" class=\"wp-image-9475\" srcset=\"https:\/\/diariotiempo.com.uy\/noticias\/wp-content\/uploads\/2023\/02\/trueno-tres.jpg 800w, https:\/\/diariotiempo.com.uy\/noticias\/wp-content\/uploads\/2023\/02\/trueno-tres-300x200.jpg 300w, https:\/\/diariotiempo.com.uy\/noticias\/wp-content\/uploads\/2023\/02\/trueno-tres-768x512.jpg 768w\" sizes=\"auto, (max-width: 800px) 100vw, 800px\" \/><figcaption class=\"wp-element-caption\">Canelones Suena bien. Clipper. Pekke77. Trueno. 2023.02.03<\/figcaption><\/figure>\n<\/figure>\n\n\n\n<p>En el marco de Canelones Suena Bien, este s\u00e1bado tocaron en Atl\u00e1ntida, ante miles de personas, Julieta Rada y Jaime Roos. El Intendente de Canelones, Prof. Yamand\u00fa Orsi, dijo que la iniciativa \u201csignifica mucho porque es un encuentro de la gente, de distintas edades. Lo que tenemos son varias generaciones juntas\u201d. A su vez, opin\u00f3 que este tipo de movidas promueven el turismo canario porque \u201cla idea es tener un departamento diverso con propuestas diversas\u201d. \u201cLa cultura, adem\u00e1s de ser una actividad econ\u00f3mica es una caricia al alma que nos tenemos que hacer\u201d, asegur\u00f3.<\/p>\n\n\n\n<p>Orsi destac\u00f3 que tanto en el recital del s\u00e1bado como en los anteriores no hubo incidentes, pese a que hubo miles de personas reunidas en un mismo lugar. \u201cLa gente tiene ganas, le poner buena onda y es un acierto haberlo puesto con entrada gratuita porque me parece que estimula el turismo\u201d, se\u00f1al\u00f3.<\/p>\n\n\n\n<p>Asimismo, el Intendente afirm\u00f3 que estaba seguro de que Canelones Suena Bien ser\u00eda un \u00e9xito, ya que los festivales que se organizan en el pa\u00eds, con una propuesta cultural potente, \u201cson una invitaci\u00f3n a encontrarnos y dan resultado, incluso cuando se cobra entrada. Yo sab\u00eda que se iban a llenar, con p\u00fablicos distintos (\u2026) La gente tiene ganas, hay que hacer la propuesta justa y entender que para un turismo en el que la gente se queda cada vez menos, a veces, un est\u00edmulo como este para el fin de semana puede hacer la diferencia\u201d.<\/p>\n\n\n\n<p>Por su parte, el Alcalde de Atl\u00e1ntida, Gustavo Gonz\u00e1lez, asegur\u00f3 que los recitales han sido \u201cespectaculares\u201d. \u201cLo primero que se me viene a la cabeza es el esp\u00edritu democr\u00e1tico de los que logramos poner a disposici\u00f3n de la gente espect\u00e1culos totalmente gratuitos y con p\u00fablicos diferentes\u201d, consider\u00f3, al tiempo que concluy\u00f3 que este ciclo de recitales es \u201cun reencuentro, es un gran abrazo, la m\u00e1xima expresi\u00f3n democr\u00e1tica que se puede dar\u201d, debido a que \u201ctiene que ver con dinamizar la econom\u00eda en un mes como febrero, en el que baja la cantidad de p\u00fablico\u201d.<\/p>\n\n\n\n<p>20.000 ESPECTADORES PARTICIPARON DEL FESTIVAL URBANO DE CANELONES SUENA BIEN<\/p>\n\n\n\n<p>Unos 20.000 espectadores participaron del recital que ofrecieron este viernes 3 de febrero los m\u00fasicos urbanos Trueno, Clipper y Peke 77, en el marco del ciclo de espect\u00e1culos Canelones Suena Bien que lleva adelante la Intendencia de Canelones.<\/p>\n\n\n\n<p>Esta movida, con foco en la temporada de verano, busca promover la cultura y favorecer al turismo. Por un lado, democratiza la cultura para que todos y todas puedan acceder de forma gratuita a espect\u00e1culos de muy buen nivel y, por otro lado, ofrece un atractivo para quienes veranean en la costa canaria e incentiva a las personas que hacen playa en Canelones, por el d\u00eda o por el fin de semana, a quedarse un tiempo m\u00e1s. En este sentido, una de las adolescentes que asistieron a disfrutar del show coment\u00f3 que le pareci\u00f3 \u201cmuy bueno que lo haga la Intendencia de Canelones por la gente que no tiene los recursos suficientes para ver a Trueno o a cualquiera de los artistas\u201d.<br>Este tipo de eventos permite, adem\u00e1s, activar la econom\u00eda local con el trabajo de los vendedores y la instalaci\u00f3n puestos gastron\u00f3micos y de bebidas. En este festival en particular se instalaron 30 puestos de emprendedores.<\/p>\n\n\n\n<p>Para todas las edades<\/p>\n\n\n\n<p>El Intendente de Canelones, Prof. Yamand\u00fa Orsi, estuvo presente en el show y sostuvo que vio \u201ca muchas familias, gente chica, gente mediana y gente grande en esta experiencia de diversificar la propuesta cultural y, a su vez, los lugares donde se realizan los espect\u00e1culos\u201d. Esto \u00faltimo lo dijo en referencia a la Manzana Cero de Atl\u00e1ntida donde se mont\u00f3 el escenario, un lugar que no se hab\u00eda utilizado demasiado para espect\u00e1culos tan masivos.<br>En esta l\u00ednea, el Alcalde de Atl\u00e1ntida, Gustavo Gonz\u00e1lez, manifest\u00f3 que ese lugar fue \u201cel ideal para este tipo de espect\u00e1culos\u201d. Asimismo, agreg\u00f3 que \u201ces para nosotros muy importante preservar ese predio con ese fin social para espect\u00e1culos de gran porte, ya que en el escenario Jos\u00e9 Carbajal, que es otro escenario muy utilizado, solo entran 4.000 personas\u201d. El acondicionamiento del lugar requiri\u00f3 la tarea previa de operarios y operarias de la cuadrilla municipal y la coordinaci\u00f3n de varias direcciones de la Intendencia, seg\u00fan inform\u00f3 el Alcalde.<\/p>\n\n\n\n<p>Con todos los cuidados<\/p>\n\n\n\n<p>En espect\u00e1culos multitudinarios como este pueden darse situaciones que requieren cuidados especiales. Por ese motivo, el evento cont\u00f3 con puestos de salud e integraci\u00f3n para atender cualquier situaci\u00f3n de malestar y con un puesto de atenci\u00f3n a la violencia basada en g\u00e9nero. El Director de Producci\u00f3n Cultural de la Intendencia de Canelones, Gustavo Berriel, explic\u00f3 que \u201ctenemos puestos de hidrataci\u00f3n en tres lugares diferentes del predio, tenemos la carpa violeta para prevenci\u00f3n de la violencia, mucha gente trabajando, muchos ba\u00f1os y rampas de accesibilidad para que sea un espect\u00e1culo 100 % accesible\u201d.<\/p>\n\n\n\n<p>Cierre<\/p>\n\n\n\n<p>El cierre del ciclo Canelones Suena Bien, que comenz\u00f3 el 19 de enero, ser\u00e1 el 1 y 2 de abril en Parque del Plata con Ruben Rada, La Triple Nelson, Camila Sap\u00edn y Rossana Taddei, entre otros.<br>Foto y fuente IMC<\/p>\n","protected":false},"excerpt":{"rendered":"<p>En el marco de Canelones Suena Bien, este s\u00e1bado tocaron en Atl\u00e1ntida, ante miles de&#8230;<\/p>\n","protected":false},"author":1,"featured_media":9474,"comment_status":"open","ping_status":"open","sticky":false,"template":"","format":"standard","meta":{"_monsterinsights_skip_tracking":false,"_monsterinsights_sitenote_active":false,"_monsterinsights_sitenote_note":"","_monsterinsights_sitenote_category":0,"footnotes":""},"categories":[20,4],"tags":[],"class_list":["post-9473","post","type-post","status-publish","format-standard","has-post-thumbnail","hentry","category-costa-de-oro","category-departamental"],"featured_image_urls":{"full":["https:\/\/diariotiempo.com.uy\/noticias\/wp-content\/uploads\/2023\/02\/jaime.jpg",800,534,false],"thumbnail":["https:\/\/diariotiempo.com.uy\/noticias\/wp-content\/uploads\/2023\/02\/jaime-150x150.jpg",150,150,true],"medium":["https:\/\/diariotiempo.com.uy\/noticias\/wp-content\/uploads\/2023\/02\/jaime-300x200.jpg",300,200,true],"medium_large":["https:\/\/diariotiempo.com.uy\/noticias\/wp-content\/uploads\/2023\/02\/jaime-768x513.jpg",640,428,true],"large":["https:\/\/diariotiempo.com.uy\/noticias\/wp-content\/uploads\/2023\/02\/jaime.jpg",640,427,false],"rpg_gallery_admin_thumb":["https:\/\/diariotiempo.com.uy\/noticias\/wp-content\/uploads\/2023\/02\/jaime.jpg",150,100,false],"rpg_gallery_thumb":["https:\/\/diariotiempo.com.uy\/noticias\/wp-content\/uploads\/2023\/02\/jaime.jpg",150,100,false],"1536x1536":["https:\/\/diariotiempo.com.uy\/noticias\/wp-content\/uploads\/2023\/02\/jaime.jpg",800,534,false],"2048x2048":["https:\/\/diariotiempo.com.uy\/noticias\/wp-content\/uploads\/2023\/02\/jaime.jpg",800,534,false],"covernews-slider-full":["https:\/\/diariotiempo.com.uy\/noticias\/wp-content\/uploads\/2023\/02\/jaime.jpg",800,534,false],"covernews-slider-center":["https:\/\/diariotiempo.com.uy\/noticias\/wp-content\/uploads\/2023\/02\/jaime-800x500.jpg",800,500,true],"covernews-featured":["https:\/\/diariotiempo.com.uy\/noticias\/wp-content\/uploads\/2023\/02\/jaime.jpg",800,534,false],"covernews-medium":["https:\/\/diariotiempo.com.uy\/noticias\/wp-content\/uploads\/2023\/02\/jaime-540x340.jpg",540,340,true],"covernews-medium-square":["https:\/\/diariotiempo.com.uy\/noticias\/wp-content\/uploads\/2023\/02\/jaime-400x250.jpg",400,250,true]},"author_info":{"display_name":"diario","author_link":"https:\/\/diariotiempo.com.uy\/noticias\/author\/diario\/"},"category_info":"<a href=\"https:\/\/diariotiempo.com.uy\/noticias\/category\/departamental\/costa-de-oro\/\" rel=\"category tag\">Costa de Oro<\/a> <a href=\"https:\/\/diariotiempo.com.uy\/noticias\/category\/departamental\/\" rel=\"category tag\">DEPARTAMENTAL<\/a>","tag_info":"DEPARTAMENTAL","comment_count":"0","_links":{"self":[{"href":"https:\/\/diariotiempo.com.uy\/noticias\/wp-json\/wp\/v2\/posts\/9473","targetHints":{"allow":["GET"]}}],"collection":[{"href":"https:\/\/diariotiempo.com.uy\/noticias\/wp-json\/wp\/v2\/posts"}],"about":[{"href":"https:\/\/diariotiempo.com.uy\/noticias\/wp-json\/wp\/v2\/types\/post"}],"author":[{"embeddable":true,"href":"https:\/\/diariotiempo.com.uy\/noticias\/wp-json\/wp\/v2\/users\/1"}],"replies":[{"embeddable":true,"href":"https:\/\/diariotiempo.com.uy\/noticias\/wp-json\/wp\/v2\/comments?post=9473"}],"version-history":[{"count":1,"href":"https:\/\/diariotiempo.com.uy\/noticias\/wp-json\/wp\/v2\/posts\/9473\/revisions"}],"predecessor-version":[{"id":9476,"href":"https:\/\/diariotiempo.com.uy\/noticias\/wp-json\/wp\/v2\/posts\/9473\/revisions\/9476"}],"wp:featuredmedia":[{"embeddable":true,"href":"https:\/\/diariotiempo.com.uy\/noticias\/wp-json\/wp\/v2\/media\/9474"}],"wp:attachment":[{"href":"https:\/\/diariotiempo.com.uy\/noticias\/wp-json\/wp\/v2\/media?parent=9473"}],"wp:term":[{"taxonomy":"category","embeddable":true,"href":"https:\/\/diariotiempo.com.uy\/noticias\/wp-json\/wp\/v2\/categories?post=9473"},{"taxonomy":"post_tag","embeddable":true,"href":"https:\/\/diariotiempo.com.uy\/noticias\/wp-json\/wp\/v2\/tags?post=9473"}],"curies":[{"name":"wp","href":"https:\/\/api.w.org\/{rel}","templated":true}]}}